{"id":60331,"date":"2016-11-28T14:28:00","date_gmt":"2016-11-28T13:28:00","guid":{"rendered":"http:\/\/2horizontes.com\/?p=60331"},"modified":"2016-11-28T14:28:00","modified_gmt":"2016-11-28T13:28:00","slug":"cup-y-jxsi-pactan-un-impuesto-sobre-aviones-privados-y-coches-y-embarcaciones-de-lujo-en-manos-de-empresas","status":"publish","type":"post","link":"https:\/\/2horizontes.com\/?p=60331","title":{"rendered":"CUP y JxS\u00ed pactan un impuesto sobre aviones privados y coches y embarcaciones de lujo en manos de empresas"},"content":{"rendered":"<p>A pocas horas de que el Govern presente los nuevos presupuestos, la CUP y Junts pel S\u00ed han presentado una proposici\u00f3n de ley para evitar que se esconda patrimonio personal a trav\u00e9s de las empresas. Los dos partidos independentistas han entrado esta ma\u00f1ana en el registro el acuerdo para un nuevo impuesto pensado para reducir la \u201cevasi\u00f3n fiscal\u201d.<\/p>\n<p>La medida grava cuatro tipos de \u201cactivos no productivos\u201d en manos de sociedades: bienes inmuebles, veh\u00edculos de motor igual o superior a 200 caballos, embarcaciones de ocio de ocho o m\u00e1s metros de eslora y aeronaves.<\/p>\n<p>\u201cSe trata de bienes que no realizan ninguna actividad econ\u00f3mica o servicio p\u00fablico, que se destinan a uso privado o se alquilan a los propietarios o socios\u201d de las empresas que poseen los activos, asegura la CUP en una nota de prensa.<\/p>\n<p>Los responsables de la izquierda independentista apuntan que este nuevo impuesto pretende \u201daumentar la progresividad del sistema fiscal catal\u00e1n y su equidad\u201d para conseguir la \u201credistribuci\u00f3n necesaria para luchar contra la evidente desigualdad, que va aumentando d\u00eda a d\u00eda, entre los m\u00e1s ricos y los m\u00e1s pobres\u201d.<\/p>\n<p>\u201cSeguimos la l\u00ednea de Noruega o Holanda -apuntan desde la CUP-, que se centran en la expresi\u00f3n de riqueza que supone la acumulaci\u00f3n de bienes, pero exclusivamente en aquellos casos en los que (estos bienes) no generen ninguna productividad ni beneficio social\u201d.<\/p>\n<p>&nbsp;<\/p>\n","protected":false},"excerpt":{"rendered":"<p>A pocas horas de que el Govern presente los nuevos presupuestos, la CUP y Junts pel S\u00ed han presentado una proposici\u00f3n de ley para evitar que se esconda patrimonio personal a trav\u00e9s de las empresas. Los dos partidos independentistas han entrado esta ma\u00f1ana en el registro el acuerdo para un nuevo impuesto pensado para reducir [&hellip;]<\/p>\n","protected":false},"author":3,"featured_media":60332,"comment_status":"open","ping_status":"open","sticky":false,"template":"","format":"standard","meta":{"footnotes":""},"categories":[85,43],"tags":[],"class_list":["post-60331","post","type-post","status-publish","format-standard","has-post-thumbnail","hentry","category-espana","category-politica"],"_links":{"self":[{"href":"https:\/\/2horizontes.com\/index.php?rest_route=\/wp\/v2\/posts\/60331","targetHints":{"allow":["GET"]}}],"collection":[{"href":"https:\/\/2horizontes.com\/index.php?rest_route=\/wp\/v2\/posts"}],"about":[{"href":"https:\/\/2horizontes.com\/index.php?rest_route=\/wp\/v2\/types\/post"}],"author":[{"embeddable":true,"href":"https:\/\/2horizontes.com\/index.php?rest_route=\/wp\/v2\/users\/3"}],"replies":[{"embeddable":true,"href":"https:\/\/2horizontes.com\/index.php?rest_route=%2Fwp%2Fv2%2Fcomments&post=60331"}],"version-history":[{"count":1,"href":"https:\/\/2horizontes.com\/index.php?rest_route=\/wp\/v2\/posts\/60331\/revisions"}],"predecessor-version":[{"id":60333,"href":"https:\/\/2horizontes.com\/index.php?rest_route=\/wp\/v2\/posts\/60331\/revisions\/60333"}],"wp:featuredmedia":[{"embeddable":true,"href":"https:\/\/2horizontes.com\/index.php?rest_route=\/wp\/v2\/media\/60332"}],"wp:attachment":[{"href":"https:\/\/2horizontes.com\/index.php?rest_route=%2Fwp%2Fv2%2Fmedia&parent=60331"}],"wp:term":[{"taxonomy":"category","embeddable":true,"href":"https:\/\/2horizontes.com\/index.php?rest_route=%2Fwp%2Fv2%2Fcategories&post=60331"},{"taxonomy":"post_tag","embeddable":true,"href":"https:\/\/2horizontes.com\/index.php?rest_route=%2Fwp%2Fv2%2Ftags&post=60331"}],"curies":[{"name":"wp","href":"https:\/\/api.w.org\/{rel}","templated":true}]}}