{"id":60324,"date":"2016-11-28T14:17:45","date_gmt":"2016-11-28T13:17:45","guid":{"rendered":"http:\/\/2horizontes.com\/?p=60324"},"modified":"2016-11-28T14:20:06","modified_gmt":"2016-11-28T13:20:06","slug":"fidel-castro-el-lider-revolucionario-mas-importante-del-siglo-xx","status":"publish","type":"post","link":"https:\/\/2horizontes.com\/?p=60324","title":{"rendered":"Fidel Castro, el l\u00edder revolucionario m\u00e1s importante del siglo XX"},"content":{"rendered":"<p>&nbsp;<\/p>\n<p><strong>Por. Kenia Del Orbe <\/strong><br \/>\n<strong>Consultora en Comunicaci\u00f3n Pol\u00edtica <\/strong><br \/>\n<strong>keniadelorbe@gmail.com<\/strong><\/p>\n<p>La partida f\u00edsica del l\u00edder hist\u00f3rico y comandante en jefe de la Revoluci\u00f3n Cubana, Fidel Castro Ruz, no solo enl\u00fatese a Cuba, sino a gran parte del mundo. Indiscutiblemente nos atrevemos a decir sin lugar a dudas que representa la figura revolucionaria m\u00e1s importante del siglo XX y principio del XXI.<\/p>\n<p>Fidel hoy no est\u00e1 con nosotros f\u00edsicamente, pero su legado y sus ideas quedan, un fiel seguidor y continuador de los principios de Jos\u00e9 Mart\u00ed y Sim\u00f3n Bol\u00edvar. Se convirti\u00f3 en un luchador incansable en contra del capitalismo y el imperialismo norteamericano, que a pesar de los embates del bloqueo econ\u00f3mico, comercial y financiero impuesto por Estados Unidos a Cuba, con grandes medidas impositivas que han afectado a la isla por m\u00e1s de 50 a\u00f1os, no lograron doblegar al comandante, quien se mantuvo firme con su postura.<\/p>\n<p>\u201cSatanizado\u201d por varios medios internacionales, reconocemos que el expresidente cubano ha sido odiado por muchos que se opusieron a su pol\u00edtica de gobierno (los anticastristas). Sin embargo y aunque resulte parad\u00f3jico, son m\u00e1s los que les han admirado a lo largo de la historia, y precisamente por esas pol\u00edticas sociales que implement\u00f3 y defendi\u00f3 hasta el \u00faltimo momento de su muerte.<\/p>\n<p>Una muerte que se produce justamente 60 a\u00f1os despu\u00e9s de haber zarpado con un grupo de rebeldes armados desde Veracruz, M\u00e9xico en el yate Granma hacia Cuba, el 25 de noviembre de 1956, para dar inicio y protagonizar la Revoluci\u00f3n Cubana que termin\u00f3 con el derrocamiento del dictador Fulgencio Batista.<\/p>\n<p>A nivel de aportes podr\u00edamos hacer una larga lista de los frutos de la revoluci\u00f3n, pero nos quedamos con resaltar, que a pesar del bloque antes descrito, Fidel logr\u00f3 convertir a Cuba en unos de los pa\u00edses de Am\u00e9rica Latina y el Caribe, con mejores \u00edndices de desarrollo humano, en materia de salud, educaci\u00f3n, y uno de los que mejor esperanza de vida en el mundo tiene. Con excelentes datos a nivel de alimentaci\u00f3n, seguridad, bienestar social, deporte, cultura, entre otros.<\/p>\n<p>Muchos fueron los estudiantes de medicina de escasos recursos, que a nivel internacional, espec\u00edficamente de Am\u00e9rica Latina, se formaron en Cuba gratuitamente. Hablamos desde experiencias que conocemos, de las cuales hemos sido testigos muy cercanos de una gran cantidad de j\u00f3venes dominicanos que lograron el sue\u00f1o de ser m\u00e9dicos gracias a la iniciativa fomentada por Castro.<\/p>\n<p>Por otra parte, el l\u00edder revolucionario se convirti\u00f3 en unos de los pol\u00edticos m\u00e1s solidarios e influyentes de Am\u00e9rica en la geopol\u00edtica mundial. Trascendi\u00f3 por el papel importante que desempe\u00f1\u00f3 en la lucha por los procesos de liberaci\u00f3n de muchos pa\u00edses del mundo, especialmente los del \u00c1frica del Sur.<\/p>\n<p>Y como dijo Fidel en su \u00faltimo discurso pronunciado ante el Comit\u00e9 del Partido Comunista: \u201cpronto ser\u00e9 ya como todos los dem\u00e1s, a todos se nos llegar\u00e1 nuestro turno, pero quedar\u00e1n las ideas de los comunistas cubanos, como prueba de que en este planeta si se trabaja con fervor y dignidad, se pueden producir los bienes materiales y culturales que los seres humanos necesitan, y debemos luchar sin tregua para obtenerlos (\u2026)\u201d.<\/p>\n<p>A pesar de haber burlado cientos intentos de asesinatos, muri\u00f3 a los 90 a\u00f1os. Nueve d\u00edas de luto no son suficientes para decir adi\u00f3s a quien pasa a la inmortalidad hist\u00f3rica. \u00a1Hasta siempre comandante!<\/p>\n<p>Fuente Original : Peri\u00f3dico El D\u00eda.<\/p>\n<p>&nbsp;<\/p>\n","protected":false},"excerpt":{"rendered":"<p>&nbsp; Por. Kenia Del Orbe Consultora en Comunicaci\u00f3n Pol\u00edtica keniadelorbe@gmail.com La partida f\u00edsica del l\u00edder hist\u00f3rico y comandante en jefe de la Revoluci\u00f3n Cubana, Fidel Castro Ruz, no solo enl\u00fatese a Cuba, sino a gran parte del mundo. Indiscutiblemente nos atrevemos a decir sin lugar a dudas que representa la figura revolucionaria m\u00e1s importante del [&hellip;]<\/p>\n","protected":false},"author":7,"featured_media":60327,"comment_status":"open","ping_status":"open","sticky":false,"template":"","format":"standard","meta":{"footnotes":""},"categories":[46,40,82,43],"tags":[],"class_list":["post-60324","post","type-post","status-publish","format-standard","has-post-thumbnail","hentry","category-dominicanos-en-madrid","category-internacionales","category-opinion","category-politica"],"_links":{"self":[{"href":"https:\/\/2horizontes.com\/index.php?rest_route=\/wp\/v2\/posts\/60324","targetHints":{"allow":["GET"]}}],"collection":[{"href":"https:\/\/2horizontes.com\/index.php?rest_route=\/wp\/v2\/posts"}],"about":[{"href":"https:\/\/2horizontes.com\/index.php?rest_route=\/wp\/v2\/types\/post"}],"author":[{"embeddable":true,"href":"https:\/\/2horizontes.com\/index.php?rest_route=\/wp\/v2\/users\/7"}],"replies":[{"embeddable":true,"href":"https:\/\/2horizontes.com\/index.php?rest_route=%2Fwp%2Fv2%2Fcomments&post=60324"}],"version-history":[{"count":1,"href":"https:\/\/2horizontes.com\/index.php?rest_route=\/wp\/v2\/posts\/60324\/revisions"}],"predecessor-version":[{"id":60326,"href":"https:\/\/2horizontes.com\/index.php?rest_route=\/wp\/v2\/posts\/60324\/revisions\/60326"}],"wp:featuredmedia":[{"embeddable":true,"href":"https:\/\/2horizontes.com\/index.php?rest_route=\/wp\/v2\/media\/60327"}],"wp:attachment":[{"href":"https:\/\/2horizontes.com\/index.php?rest_route=%2Fwp%2Fv2%2Fmedia&parent=60324"}],"wp:term":[{"taxonomy":"category","embeddable":true,"href":"https:\/\/2horizontes.com\/index.php?rest_route=%2Fwp%2Fv2%2Fcategories&post=60324"},{"taxonomy":"post_tag","embeddable":true,"href":"https:\/\/2horizontes.com\/index.php?rest_route=%2Fwp%2Fv2%2Ftags&post=60324"}],"curies":[{"name":"wp","href":"https:\/\/api.w.org\/{rel}","templated":true}]}}