{"id":60317,"date":"2016-11-27T11:24:37","date_gmt":"2016-11-27T10:24:37","guid":{"rendered":"http:\/\/2horizontes.com\/?p=60317"},"modified":"2016-11-27T11:24:37","modified_gmt":"2016-11-27T10:24:37","slug":"lluvias-intensas-este-domingo-en-tarragona-valencia-y-el-sur-de-andalucia","status":"publish","type":"post","link":"https:\/\/2horizontes.com\/?p=60317","title":{"rendered":"Lluvias intensas este domingo en Tarragona, Valencia y el sur de Andaluc\u00eda"},"content":{"rendered":"<p>El \u00faltimo fin de semana de noviembre se despide con lluvia, nieve en \u00e1reas de monta\u00f1a y temperaturas m\u00e1s templadas en toda Espa\u00f1a. La Agencia Estatal de Meteorolog\u00eda (Aemet) ha anunciado para este domingo precipitaciones localmente fuertes o persistentes en el sur de Tarragona, en Comunidad Valenciana y en el suroeste de Andaluc\u00eda, especialmente en M\u00e1laga. Las lluvias s\u00fabitas pueden causar peque\u00f1as inundaciones y riadas, en especial en la costa.<\/p>\n<p>A lo largo del d\u00eda el cielo estar\u00e1 nuboso o cubierto en el centro, sur y este de la pen\u00ednsula ib\u00e9rica, con precipitaciones ocasionalmente acompa\u00f1adas de alguna tormenta. En el resto de la pen\u00ednsula y en Baleares el cielo estar\u00e1 nuboso o con intervalos nubosos, con probabilidad de algunas precipitaciones m\u00e1s d\u00e9biles y dispersas, salvo en el extremo norte peninsular, donde no se espera precipitaci\u00f3n.<\/p>\n<p>En Canarias, intervalos nubosos, m\u00e1s abundantes en el norte de las islas, donde son probables algunas precipitaciones d\u00e9biles. Temperaturas en ascenso en la mitad norte, especialmente a orillas del Mediterr\u00e1neo donde se prev\u00e9n m\u00e1s de 20 grados, con pocos cambios t\u00e9rmicos en el resto de la pen\u00ednsula.<\/p>\n<p>La cota de nieve se situar\u00e1 entre los 1.600 y 1.800 metros.<\/p>\n<p>La agencia tambi\u00e9n pronostica vientos de componente este en la pen\u00ednsula y en Baleares, con alg\u00fan intervalo fuerte de direcci\u00f3n variable en el entorno del estrecho. En Canarias, en cambio, predominar\u00e1n los vientos del noroeste.<\/p>\n","protected":false},"excerpt":{"rendered":"<p>El \u00faltimo fin de semana de noviembre se despide con lluvia, nieve en \u00e1reas de monta\u00f1a y temperaturas m\u00e1s templadas en toda Espa\u00f1a. La Agencia Estatal de Meteorolog\u00eda (Aemet) ha anunciado para este domingo precipitaciones localmente fuertes o persistentes en el sur de Tarragona, en Comunidad Valenciana y en el suroeste de Andaluc\u00eda, especialmente en [&hellip;]<\/p>\n","protected":false},"author":3,"featured_media":60318,"comment_status":"open","ping_status":"open","sticky":false,"template":"","format":"standard","meta":{"footnotes":""},"categories":[85],"tags":[],"class_list":["post-60317","post","type-post","status-publish","format-standard","has-post-thumbnail","hentry","category-espana"],"_links":{"self":[{"href":"https:\/\/2horizontes.com\/index.php?rest_route=\/wp\/v2\/posts\/60317","targetHints":{"allow":["GET"]}}],"collection":[{"href":"https:\/\/2horizontes.com\/index.php?rest_route=\/wp\/v2\/posts"}],"about":[{"href":"https:\/\/2horizontes.com\/index.php?rest_route=\/wp\/v2\/types\/post"}],"author":[{"embeddable":true,"href":"https:\/\/2horizontes.com\/index.php?rest_route=\/wp\/v2\/users\/3"}],"replies":[{"embeddable":true,"href":"https:\/\/2horizontes.com\/index.php?rest_route=%2Fwp%2Fv2%2Fcomments&post=60317"}],"version-history":[{"count":1,"href":"https:\/\/2horizontes.com\/index.php?rest_route=\/wp\/v2\/posts\/60317\/revisions"}],"predecessor-version":[{"id":60319,"href":"https:\/\/2horizontes.com\/index.php?rest_route=\/wp\/v2\/posts\/60317\/revisions\/60319"}],"wp:featuredmedia":[{"embeddable":true,"href":"https:\/\/2horizontes.com\/index.php?rest_route=\/wp\/v2\/media\/60318"}],"wp:attachment":[{"href":"https:\/\/2horizontes.com\/index.php?rest_route=%2Fwp%2Fv2%2Fmedia&parent=60317"}],"wp:term":[{"taxonomy":"category","embeddable":true,"href":"https:\/\/2horizontes.com\/index.php?rest_route=%2Fwp%2Fv2%2Fcategories&post=60317"},{"taxonomy":"post_tag","embeddable":true,"href":"https:\/\/2horizontes.com\/index.php?rest_route=%2Fwp%2Fv2%2Ftags&post=60317"}],"curies":[{"name":"wp","href":"https:\/\/api.w.org\/{rel}","templated":true}]}}