{"id":60281,"date":"2016-11-26T11:21:29","date_gmt":"2016-11-26T10:21:29","guid":{"rendered":"http:\/\/2horizontes.com\/?p=60281"},"modified":"2016-11-26T11:21:29","modified_gmt":"2016-11-26T10:21:29","slug":"yoani-sanchez-sobre-la-muerte-de-fidel-castro-vienen-dias-complicados","status":"publish","type":"post","link":"https:\/\/2horizontes.com\/?p=60281","title":{"rendered":"Yoani S\u00e1nchez, sobre la muerte de Fidel Castro: \u00abVienen d\u00edas complicados\u00bb"},"content":{"rendered":"<p>En Twitter, la periodista que desfi\u00f3 al gobierno castrista relat\u00f3 c\u00f3mo se vivieron las primeras horas de la muerte del l\u00edder revolucionario; \u00abEl silencio se extiende, es madrugada, pero el miedo se palpa en el aire\u00bb, dijo<\/p>\n<p>S\u00e1bado 26 de noviembre de 201606:46<br \/>\nYoani S\u00e1nchez, la periodista cubana que denunci\u00f3 al gobierno castrista mediante su blog Generaci\u00f3n Y y luego con el diario digital 14ymedio.com, notific\u00f3 en su cuenta de Twitter la muerte de l\u00edder de la revoluci\u00f3n cubana, Fidel Castro.<\/p>\n<p>\u00abMuere Fidel Castro y su hermano Ra\u00fal lo anuncia en la televisi\u00f3n nacional\u00bb, fue uno de los primeros trinos de la referente de la disidencia cubana.<\/p>\n<p>\u00abTodav\u00eda muchos en La Habana no se dan por enterados, las calles vac\u00edas en mi edificio. silencio\u00bb, a\u00f1adi\u00f3. Sobre ese silencio, S\u00e1nchez reflexion\u00f3: \u00abEl silencio se extiende, es madrugada, pero el miedo se palpa en el aire. Vienen d\u00edas complicados\u00bb.<\/p>\n<p>La periodista inform\u00f3 -a trav\u00e9s de su cuenta en Twitter y en el portal del diario digital que fund\u00f3-, que la televisi\u00f3n oficial comenz\u00f3 una programaci\u00f3n especial con documentales y alusiones constantes a Fidel Castro. Adem\u00e1s, tuite\u00f3 una imagen de la conductora que en televisi\u00f3n informaba del suceso: \u00abUna err\u00e1tica y nerviosa locutora de Tv, vestida de negro, habla sobre reacciones por muerte de Fidel Castro\u00bb.<\/p>\n<p>S\u00e1nchez record\u00f3 parte de lo vivido por ella y su familia en la Cuba de Fidel, pero sin decirlo expl\u00edcitamente, celebr\u00f3 su muerte: \u00abMi madre creci\u00f3 bajo Fidel Castro yo nac\u00ed bajo Fidel Castro. mi hijo naci\u00f3 bajo Fidel Castro, mis nietos nacer\u00e1n sin Fidel Castro. Fidel muri\u00f3 este 25 de noviembre, pero el \u00abfidelismo\u00bb lleva varios a\u00f1os sepultado\u00bb, expres\u00f3. \u00abEl hombre que decidi\u00f3 cada detalle de la Cuba en la que nac\u00ed y crec\u00ed, ya no est\u00e1. Una extra\u00f1a levedad se extiende por la isla\u00bb, agreg\u00f3.<\/p>\n<p>Sin embargo, a pesar de indicar que su pa\u00eds \u00abdio el portazo final al siglo veinte\u00bb, advirti\u00f3 que \u00abhay que estar atentos a cualquier vuelta de tuerca represiva. En momentos as\u00ed el oficialismo se pone muy nervioso\u00bb.<\/p>\n<p>La periodista destac\u00f3 que durante los \u00faltimos d\u00edas el gobierno hab\u00eda realizado ejercicios militares. \u00abLa represi\u00f3n contra activistas hab\u00eda aumentado especialmente en los \u00faltimos d\u00edas. \u00bfPreparando el funeral?\u00bb, expres\u00f3.<\/p>\n<p>Y es que, m\u00e1s all\u00e1 del impacto mundial por la noticia, para Yoani S\u00e1nchez la madrugada en La Habana parece no acabarse nunca: \u00abEs larga, silenciosa, en vilo. Pudo controlar un pa\u00eds hasta el m\u00ednimo detalle, pero no pudo cambiar el curso del tiempo, el inevitable fin de la vida\u00bb.<\/p>\n","protected":false},"excerpt":{"rendered":"<p>En Twitter, la periodista que desfi\u00f3 al gobierno castrista relat\u00f3 c\u00f3mo se vivieron las primeras horas de la muerte del l\u00edder revolucionario; \u00abEl silencio se extiende, es madrugada, pero el miedo se palpa en el aire\u00bb, dijo S\u00e1bado 26 de noviembre de 201606:46 Yoani S\u00e1nchez, la periodista cubana que denunci\u00f3 al gobierno castrista mediante su [&hellip;]<\/p>\n","protected":false},"author":3,"featured_media":60282,"comment_status":"open","ping_status":"open","sticky":false,"template":"","format":"standard","meta":{"footnotes":""},"categories":[40,43],"tags":[],"class_list":["post-60281","post","type-post","status-publish","format-standard","has-post-thumbnail","hentry","category-internacionales","category-politica"],"_links":{"self":[{"href":"https:\/\/2horizontes.com\/index.php?rest_route=\/wp\/v2\/posts\/60281","targetHints":{"allow":["GET"]}}],"collection":[{"href":"https:\/\/2horizontes.com\/index.php?rest_route=\/wp\/v2\/posts"}],"about":[{"href":"https:\/\/2horizontes.com\/index.php?rest_route=\/wp\/v2\/types\/post"}],"author":[{"embeddable":true,"href":"https:\/\/2horizontes.com\/index.php?rest_route=\/wp\/v2\/users\/3"}],"replies":[{"embeddable":true,"href":"https:\/\/2horizontes.com\/index.php?rest_route=%2Fwp%2Fv2%2Fcomments&post=60281"}],"version-history":[{"count":1,"href":"https:\/\/2horizontes.com\/index.php?rest_route=\/wp\/v2\/posts\/60281\/revisions"}],"predecessor-version":[{"id":60283,"href":"https:\/\/2horizontes.com\/index.php?rest_route=\/wp\/v2\/posts\/60281\/revisions\/60283"}],"wp:featuredmedia":[{"embeddable":true,"href":"https:\/\/2horizontes.com\/index.php?rest_route=\/wp\/v2\/media\/60282"}],"wp:attachment":[{"href":"https:\/\/2horizontes.com\/index.php?rest_route=%2Fwp%2Fv2%2Fmedia&parent=60281"}],"wp:term":[{"taxonomy":"category","embeddable":true,"href":"https:\/\/2horizontes.com\/index.php?rest_route=%2Fwp%2Fv2%2Fcategories&post=60281"},{"taxonomy":"post_tag","embeddable":true,"href":"https:\/\/2horizontes.com\/index.php?rest_route=%2Fwp%2Fv2%2Ftags&post=60281"}],"curies":[{"name":"wp","href":"https:\/\/api.w.org\/{rel}","templated":true}]}}