{"id":6023,"date":"2015-05-06T17:46:17","date_gmt":"2015-05-06T16:46:17","guid":{"rendered":"http:\/\/2horizontes.com\/?p=6023"},"modified":"2015-05-06T17:46:17","modified_gmt":"2015-05-06T16:46:17","slug":"viceprimer-ministro-portugal-dice-que-proceso-de-paz-de-colombia-es-ejemplar","status":"publish","type":"post","link":"https:\/\/2horizontes.com\/?p=6023","title":{"rendered":"Viceprimer ministro Portugal dice que proceso de paz de Colombia es ejemplar"},"content":{"rendered":"<p>EFE<\/p>\n<p>Cartagena (Colombia), \u00a0.- El viceprimer ministro de Portugal, Paulo Portas, elogi\u00f3 hoy la apuesta de Colombia por un acuerdo de paz con los grupos guerrilleros y dijo que llevar a buen puerto los di\u00e1logos es un ejemplo para el resto del mundo.<\/p>\n<p>\u00abSer\u00e1 un ejemplo para todos los l\u00edderes mundiales que tienen que elegir en cuestiones que muchas veces son dif\u00edciles; el camino dif\u00edcil pero prol\u00edfico de los acuerdos de paz\u00bb, argument\u00f3 el viceprimer ministro en la ciudad caribe\u00f1a de Cartagena.<\/p>\n<p>Portas, que ayer inici\u00f3 una visita al pa\u00eds andino, dijo en una rueda de prensa conjunta con la canciller colombiana, Mar\u00eda \u00c1ngela Holgu\u00edn, que su pa\u00eds est\u00e1 \u00abmuy comprometido con el apoyo a la iniciativa de paz del presidente Juan Manuel Santos\u00bb.<\/p>\n<p>El funcionario manifest\u00f3 que Portugal tiene mucha confianza en que el proceso de paz que el Gobierno colombiano lleva a cabo desde 2012 con la guerrilla de las Fuerzas Armadas Revolucionarias de Colombia (FARC) en Cuba \u00abtenga una conclusi\u00f3n positiva\u00bb.<\/p>\n<p>Portas record\u00f3 los a\u00f1os en que el pa\u00eds andino estaba \u00abbajo la amenaza del terror, bajo la amenaza del secuestro, del narcotr\u00e1fico\u00bb y destac\u00f3 que \u00abel pueblo de Colombia y las instituciones democr\u00e1ticas han superado esa etapa; esa imagen de Colombia, no existe m\u00e1s\u00bb.<\/p>\n<p>Sin embargo, el viceprimer ministro de Portugal, advirti\u00f3 de que \u00abuna cosa es derrotar militarmente a los violentos y otra cosa es crear una soluci\u00f3n pac\u00edfica y definitiva\u00bb.<\/p>\n<p>Portas tiene previsto reunirse ma\u00f1ana con el presidente Santos en Bogot\u00e1 y con empresarios colombianos para continuar abriendo puentes de inversi\u00f3n y de comercio entre los dos pa\u00edses.<\/p>\n<p>&nbsp;<\/p>\n","protected":false},"excerpt":{"rendered":"<p>EFE Cartagena (Colombia), \u00a0.- El viceprimer ministro de Portugal, Paulo Portas, elogi\u00f3 hoy la apuesta de Colombia por un acuerdo de paz con los grupos guerrilleros y dijo que llevar a buen puerto los di\u00e1logos es un ejemplo para el resto del mundo. \u00abSer\u00e1 un ejemplo para todos los l\u00edderes mundiales que tienen que elegir [&hellip;]<\/p>\n","protected":false},"author":7,"featured_media":6024,"comment_status":"open","ping_status":"open","sticky":false,"template":"","format":"standard","meta":{"footnotes":""},"categories":[50,40],"tags":[],"class_list":["post-6023","post","type-post","status-publish","format-standard","has-post-thumbnail","hentry","category-colombia","category-internacionales"],"_links":{"self":[{"href":"https:\/\/2horizontes.com\/index.php?rest_route=\/wp\/v2\/posts\/6023","targetHints":{"allow":["GET"]}}],"collection":[{"href":"https:\/\/2horizontes.com\/index.php?rest_route=\/wp\/v2\/posts"}],"about":[{"href":"https:\/\/2horizontes.com\/index.php?rest_route=\/wp\/v2\/types\/post"}],"author":[{"embeddable":true,"href":"https:\/\/2horizontes.com\/index.php?rest_route=\/wp\/v2\/users\/7"}],"replies":[{"embeddable":true,"href":"https:\/\/2horizontes.com\/index.php?rest_route=%2Fwp%2Fv2%2Fcomments&post=6023"}],"version-history":[{"count":1,"href":"https:\/\/2horizontes.com\/index.php?rest_route=\/wp\/v2\/posts\/6023\/revisions"}],"predecessor-version":[{"id":6025,"href":"https:\/\/2horizontes.com\/index.php?rest_route=\/wp\/v2\/posts\/6023\/revisions\/6025"}],"wp:featuredmedia":[{"embeddable":true,"href":"https:\/\/2horizontes.com\/index.php?rest_route=\/wp\/v2\/media\/6024"}],"wp:attachment":[{"href":"https:\/\/2horizontes.com\/index.php?rest_route=%2Fwp%2Fv2%2Fmedia&parent=6023"}],"wp:term":[{"taxonomy":"category","embeddable":true,"href":"https:\/\/2horizontes.com\/index.php?rest_route=%2Fwp%2Fv2%2Fcategories&post=6023"},{"taxonomy":"post_tag","embeddable":true,"href":"https:\/\/2horizontes.com\/index.php?rest_route=%2Fwp%2Fv2%2Ftags&post=6023"}],"curies":[{"name":"wp","href":"https:\/\/api.w.org\/{rel}","templated":true}]}}