{"id":60228,"date":"2016-11-22T16:00:45","date_gmt":"2016-11-22T15:00:45","guid":{"rendered":"http:\/\/2horizontes.com\/?p=60228"},"modified":"2016-11-22T16:00:45","modified_gmt":"2016-11-22T15:00:45","slug":"ibrahimovic-tendra-una-estatua-en-estocolmo","status":"publish","type":"post","link":"https:\/\/2horizontes.com\/?p=60228","title":{"rendered":"Ibrahimovic tendr\u00e1 una estatua en Estocolmo"},"content":{"rendered":"<p>El astro Zlatan Ibrahimovic ser\u00e1 distinguido con la construcci\u00f3n de una estatua en su honor en Estocolmo, inform\u00f3 la Federaci\u00f3n Sueca de F\u00fatbol. El anuncio fue realizado durante la gala en la que el atacante del Manchester United fue elegido por und\u00e9cima vez como el mejor futbolista sueco del a\u00f1o.<\/p>\n<p>Durante el acto, Ibrahimovic recibi\u00f3 una peque\u00f1a r\u00e9plica del monumento que ser\u00e1 inaugurado el a\u00f1o pr\u00f3ximo frente al Friends Arena, el principal estadio del pa\u00eds.<\/p>\n<p>\u201cEl muchacho de Rosengard (un distrito de su ciudad natal Malm\u00f6) recibe su propia estatua en la capital sueca\u201d, reflexion\u00f3 el delantero de 35 a\u00f1os durante el evento realizado en la noche del lunes. \u201cNormalmente recibes una estatua cuando mueres. Pero yo me siento con mucha vitalidad\u201d, brome\u00f3.<\/p>\n<p>Ibrahimovic se mostr\u00f3 adem\u00e1s feliz por haber recibido una vez m\u00e1s el Bal\u00f3n de Oro del f\u00fatbol sueco. \u201cCon estos 11 trofeos ya puedo formar un equipo. Es algo surrealista\u201d, dijo el astro.<\/p>\n<p>El delantero es el m\u00e1ximo goleador de la historia de la selecci\u00f3n sueca, con 62 tantos en 116 apariciones. Sin embargo, tras la Eurocopa de Francia 2016 anunci\u00f3 su retiro del combinado nacional.<\/p>\n<p>La federaci\u00f3n sueca distingui\u00f3 una vez m\u00e1s a Ibrahimovic como el mejor jugador del a\u00f1o por \u201csu rol decisivo\u201d en la selecci\u00f3n y tambi\u00e9n por su trabajo en el PSG, donde fue campe\u00f3n franc\u00e9s, y m\u00e1s recientemente en el Manchester United.<\/p>\n","protected":false},"excerpt":{"rendered":"<p>El astro Zlatan Ibrahimovic ser\u00e1 distinguido con la construcci\u00f3n de una estatua en su honor en Estocolmo, inform\u00f3 la Federaci\u00f3n Sueca de F\u00fatbol. El anuncio fue realizado durante la gala en la que el atacante del Manchester United fue elegido por und\u00e9cima vez como el mejor futbolista sueco del a\u00f1o. Durante el acto, Ibrahimovic recibi\u00f3 [&hellip;]<\/p>\n","protected":false},"author":3,"featured_media":60229,"comment_status":"open","ping_status":"open","sticky":false,"template":"","format":"standard","meta":{"footnotes":""},"categories":[42],"tags":[],"class_list":["post-60228","post","type-post","status-publish","format-standard","has-post-thumbnail","hentry","category-deportes"],"_links":{"self":[{"href":"https:\/\/2horizontes.com\/index.php?rest_route=\/wp\/v2\/posts\/60228","targetHints":{"allow":["GET"]}}],"collection":[{"href":"https:\/\/2horizontes.com\/index.php?rest_route=\/wp\/v2\/posts"}],"about":[{"href":"https:\/\/2horizontes.com\/index.php?rest_route=\/wp\/v2\/types\/post"}],"author":[{"embeddable":true,"href":"https:\/\/2horizontes.com\/index.php?rest_route=\/wp\/v2\/users\/3"}],"replies":[{"embeddable":true,"href":"https:\/\/2horizontes.com\/index.php?rest_route=%2Fwp%2Fv2%2Fcomments&post=60228"}],"version-history":[{"count":1,"href":"https:\/\/2horizontes.com\/index.php?rest_route=\/wp\/v2\/posts\/60228\/revisions"}],"predecessor-version":[{"id":60230,"href":"https:\/\/2horizontes.com\/index.php?rest_route=\/wp\/v2\/posts\/60228\/revisions\/60230"}],"wp:featuredmedia":[{"embeddable":true,"href":"https:\/\/2horizontes.com\/index.php?rest_route=\/wp\/v2\/media\/60229"}],"wp:attachment":[{"href":"https:\/\/2horizontes.com\/index.php?rest_route=%2Fwp%2Fv2%2Fmedia&parent=60228"}],"wp:term":[{"taxonomy":"category","embeddable":true,"href":"https:\/\/2horizontes.com\/index.php?rest_route=%2Fwp%2Fv2%2Fcategories&post=60228"},{"taxonomy":"post_tag","embeddable":true,"href":"https:\/\/2horizontes.com\/index.php?rest_route=%2Fwp%2Fv2%2Ftags&post=60228"}],"curies":[{"name":"wp","href":"https:\/\/api.w.org\/{rel}","templated":true}]}}