{"id":60225,"date":"2016-11-22T15:57:24","date_gmt":"2016-11-22T14:57:24","guid":{"rendered":"http:\/\/2horizontes.com\/?p=60225"},"modified":"2016-11-22T15:57:24","modified_gmt":"2016-11-22T14:57:24","slug":"blablacar-denuncia-a-espana-ante-la-comision-europea-por-no-dejarla-operar","status":"publish","type":"post","link":"https:\/\/2horizontes.com\/?p=60225","title":{"rendered":"BlaBlaCar denuncia a Espa\u00f1a ante la Comisi\u00f3n Europea por no dejarla operar"},"content":{"rendered":"<p>\u201cBlaBlaCar considera vulnerado su derecho a la libre prestaci\u00f3n de servicios y su libertad de establecimiento dentro del territorio de la Uni\u00f3n Europea\u201d, dijo el grupo en un comunicado de prensa.<\/p>\n<p>La empresa, que opera dentro de lo que se denomina econom\u00eda colaborativa, pone en contacto por Internet a conductores y pasajeros particulares para compartir los gastos de un determinado viaje. BlaBlaCar, filial de la empresa francesa Comuto, dijo que la Comunidad de Madrid impuso unas sanciones a la plataforma y dos de sus usuarios que considera que son contrarias al derecho europeo.<\/p>\n<p>El grupo dijo que la administraci\u00f3n madrile\u00f1a sancion\u00f3 a la plataforma por \u201cofrecer y facturar servicios de transporte de pasajeros sin la autorizaci\u00f3n requerida\u201d, una medida que el grupo tambi\u00e9n est\u00e1 recurriendo por la v\u00eda administrativa en Espa\u00f1a.<\/p>\n<p>BlaBlaCar, que dice tener m\u00e1s de tres millones de usuarios en Espa\u00f1a y 400.000 en la Comunidad de Madrid, dijo que la exigencia de una autorizaci\u00f3n administrativa de transporte a una empresa que ofrece servicios de la sociedad de la informaci\u00f3n es contraria a la directiva europea sobre servicios de este tipo y a la libertad de prestaci\u00f3n de los mismos.<\/p>\n","protected":false},"excerpt":{"rendered":"<p>\u201cBlaBlaCar considera vulnerado su derecho a la libre prestaci\u00f3n de servicios y su libertad de establecimiento dentro del territorio de la Uni\u00f3n Europea\u201d, dijo el grupo en un comunicado de prensa. La empresa, que opera dentro de lo que se denomina econom\u00eda colaborativa, pone en contacto por Internet a conductores y pasajeros particulares para compartir [&hellip;]<\/p>\n","protected":false},"author":3,"featured_media":60226,"comment_status":"open","ping_status":"open","sticky":false,"template":"","format":"standard","meta":{"footnotes":""},"categories":[85],"tags":[],"class_list":["post-60225","post","type-post","status-publish","format-standard","has-post-thumbnail","hentry","category-espana"],"_links":{"self":[{"href":"https:\/\/2horizontes.com\/index.php?rest_route=\/wp\/v2\/posts\/60225","targetHints":{"allow":["GET"]}}],"collection":[{"href":"https:\/\/2horizontes.com\/index.php?rest_route=\/wp\/v2\/posts"}],"about":[{"href":"https:\/\/2horizontes.com\/index.php?rest_route=\/wp\/v2\/types\/post"}],"author":[{"embeddable":true,"href":"https:\/\/2horizontes.com\/index.php?rest_route=\/wp\/v2\/users\/3"}],"replies":[{"embeddable":true,"href":"https:\/\/2horizontes.com\/index.php?rest_route=%2Fwp%2Fv2%2Fcomments&post=60225"}],"version-history":[{"count":1,"href":"https:\/\/2horizontes.com\/index.php?rest_route=\/wp\/v2\/posts\/60225\/revisions"}],"predecessor-version":[{"id":60227,"href":"https:\/\/2horizontes.com\/index.php?rest_route=\/wp\/v2\/posts\/60225\/revisions\/60227"}],"wp:featuredmedia":[{"embeddable":true,"href":"https:\/\/2horizontes.com\/index.php?rest_route=\/wp\/v2\/media\/60226"}],"wp:attachment":[{"href":"https:\/\/2horizontes.com\/index.php?rest_route=%2Fwp%2Fv2%2Fmedia&parent=60225"}],"wp:term":[{"taxonomy":"category","embeddable":true,"href":"https:\/\/2horizontes.com\/index.php?rest_route=%2Fwp%2Fv2%2Fcategories&post=60225"},{"taxonomy":"post_tag","embeddable":true,"href":"https:\/\/2horizontes.com\/index.php?rest_route=%2Fwp%2Fv2%2Ftags&post=60225"}],"curies":[{"name":"wp","href":"https:\/\/api.w.org\/{rel}","templated":true}]}}