{"id":6020,"date":"2015-05-06T17:40:18","date_gmt":"2015-05-06T16:40:18","guid":{"rendered":"http:\/\/2horizontes.com\/?p=6020"},"modified":"2015-05-06T17:40:18","modified_gmt":"2015-05-06T16:40:18","slug":"colombia-cree-que-la-estabilidad-y-la-paz-favorecen-las-inversiones-espanolas","status":"publish","type":"post","link":"https:\/\/2horizontes.com\/?p=6020","title":{"rendered":"Colombia cree que la estabilidad y la paz favorecen las inversiones espa\u00f1olas"},"content":{"rendered":"<p class=\"mce\">El embajador de Colombia en Espa\u00f1a, Fernando Carrillo, ha asegurado que la estabilidad econ\u00f3mica y la esperanza de paz en su pa\u00eds favorecer\u00e1n las inversiones espa\u00f1olas y ha animado a los empresarios a invertir en el sector de las infraestructuras.<\/p>\n<p class=\"mce\">Durante la presentaci\u00f3n del informe \u00abEspa\u00f1a Colombia, una alianza en expansi\u00f3n\u00bb, que hoy ha sido presentado de forma simult\u00e1nea en Madrid y en Bogot\u00e1, Carrillo ha dicho que \u00abColombia ha demostrado que no s\u00f3lo es el pa\u00eds de moda, sino que va a ser un referente en las reformas econ\u00f3micas\u00bb.<\/p>\n<p class=\"mce\">En el acto, organizado por la consultora de comunicaci\u00f3n y asuntos p\u00fablicos Kreab, el embajador de Colombia en Espa\u00f1a ha a\u00f1adido que en su pa\u00eds est\u00e1 aumentado \u00abla facilidad para hacer negocios\u00bb.<\/p>\n<p class=\"mce\">\u00abLas agencias internacionales est\u00e1n demostrando que Colombia es el primero en crecimiento econ\u00f3mico, en ambiente de negocios y en resultados sociales, en Am\u00e9rica Latina, y que con la paz no la va a parar nadie\u00bb, ha dicho.<\/p>\n<p class=\"mce\">Carrillo ha calificado la seguridad jur\u00eddica del pa\u00eds como \u00abel baluarte de todas las relaciones internacionales de Colombia\u00bb.<\/p>\n<p class=\"mce\">Ha explicado que el desarrollo de infraestructuras para conectar las diferentes regiones del pa\u00eds permitir\u00e1 tambi\u00e9n a las pymes extranjeras invertir m\u00e1s all\u00e1 de Bogot\u00e1.<\/p>\n<p class=\"mce\">De acuerdo con Carrillo, los sectores de las telecomunicaciones, de la banca, de los seguros, de los medios de comunicaci\u00f3n, de la ingenier\u00eda y de la construcci\u00f3n ser\u00e1n los m\u00e1s abiertos a la inversi\u00f3n extranjera.<\/p>\n<p class=\"mce\">\u00abVamos a tener el m\u00e1s ambicioso plan de infraestructuras de cuarta generaci\u00f3n de m\u00e1s de 25 millones de euros en los pr\u00f3ximos cuatro a\u00f1os, ah\u00ed est\u00e1 la novedad y la posibilidad de inversi\u00f3n\u00bb, ha sentenciado.<\/p>\n<p class=\"mce\">El estudio destaca el atractivo econ\u00f3mico de Colombia por su mercado interno y una clase media en expansi\u00f3n, as\u00ed como por sus planes a largo plazo de desarrollo econ\u00f3mico.<\/p>\n<p class=\"mce\">A pesar de ello, el pa\u00eds latino reconoce que a\u00fan necesita mejorar los costes de transporte, la calidad de sus infraestructuras y los l\u00edmites burocr\u00e1ticos para abrir m\u00e1s su econom\u00eda al comercio exterior.<\/p>\n<p class=\"mce\">De acuerdo con el centro de investigaci\u00f3n econ\u00f3mica y social Fedesarrollo, los pron\u00f3sticos para el per\u00edodo 2015-2018 indican que Colombia crecer\u00e1 a un ritmo entre el 3,3 % y el 4,7 % del PIB, como resultado de la ejecuci\u00f3n de obras de infraestructura y por un mayor impulso a la industria.<\/p>\n<p class=\"mce\">Desde Bogot\u00e1, el embajador espa\u00f1ol en Colombia, Ram\u00f3n Gandarrias, ha coincidido en alabar \u00abel gran mercado\u00bb que supone este pa\u00eds sudamericano, y ha elogiado las conversaciones de paz para terminar con \u00abesa terrible lacra que es la guerra\u00bb, que en su opini\u00f3n hace que el pa\u00eds tenga \u00abel freno echado\u00bb.<\/p>\n<p class=\"mce\">El expresidente colombiano Belisario Betancurt ha destacado que \u00abEspa\u00f1a es uno de los principales inversores en Colombia y Colombia es un inminente inversor en Espa\u00f1a\u00bb.<\/p>\n<p class=\"mce\">En el acto organizado por Kreab tambi\u00e9n estuvieron presentes la directora de Procolombia Espa\u00f1a, Marcela Astudillo y la exministra de Ciencia e Innovaci\u00f3n del Gobierno Cristina Garmendia, qui\u00e9n ha destacado la predisposici\u00f3n del gobierno colombiano a la cooperaci\u00f3n en ese \u00e1mbito desde su etapa como ministra.<\/p>\n<p class=\"mce\">El coordinador del estudio Hern\u00e1n C\u00e1rdenas ha recordado que Espa\u00f1a est\u00e1 entre los tres primeros inversores extranjeros en Colombia.<\/p>\n<p class=\"mce\">Ser un pa\u00eds en paz, estable y \u00abel m\u00e1s educado de Latinonam\u00e9rica\u00bb son los objetivos que C\u00e1rdenas ha marcado para que Colombia sea un pa\u00eds atractivo a la inversi\u00f3n durante los pr\u00f3ximos a\u00f1os.<\/p>\n<p class=\"mce\">Eugenio Mart\u00edn Bravo, directivo de Kreab Iberia, ha afirmado que \u00abes el momento de invertir en Colombia\u00bb porque es una econom\u00eda emergente unida a Espa\u00f1a por lazos hist\u00f3ricos y culturales.<\/p>\n","protected":false},"excerpt":{"rendered":"<p>El embajador de Colombia en Espa\u00f1a, Fernando Carrillo, ha asegurado que la estabilidad econ\u00f3mica y la esperanza de paz en su pa\u00eds favorecer\u00e1n las inversiones espa\u00f1olas y ha animado a los empresarios a invertir en el sector de las infraestructuras. Durante la presentaci\u00f3n del informe \u00abEspa\u00f1a Colombia, una alianza en expansi\u00f3n\u00bb, que hoy ha sido [&hellip;]<\/p>\n","protected":false},"author":7,"featured_media":6021,"comment_status":"open","ping_status":"open","sticky":false,"template":"","format":"standard","meta":{"footnotes":""},"categories":[50,85,40],"tags":[],"class_list":["post-6020","post","type-post","status-publish","format-standard","has-post-thumbnail","hentry","category-colombia","category-espana","category-internacionales"],"_links":{"self":[{"href":"https:\/\/2horizontes.com\/index.php?rest_route=\/wp\/v2\/posts\/6020","targetHints":{"allow":["GET"]}}],"collection":[{"href":"https:\/\/2horizontes.com\/index.php?rest_route=\/wp\/v2\/posts"}],"about":[{"href":"https:\/\/2horizontes.com\/index.php?rest_route=\/wp\/v2\/types\/post"}],"author":[{"embeddable":true,"href":"https:\/\/2horizontes.com\/index.php?rest_route=\/wp\/v2\/users\/7"}],"replies":[{"embeddable":true,"href":"https:\/\/2horizontes.com\/index.php?rest_route=%2Fwp%2Fv2%2Fcomments&post=6020"}],"version-history":[{"count":1,"href":"https:\/\/2horizontes.com\/index.php?rest_route=\/wp\/v2\/posts\/6020\/revisions"}],"predecessor-version":[{"id":6022,"href":"https:\/\/2horizontes.com\/index.php?rest_route=\/wp\/v2\/posts\/6020\/revisions\/6022"}],"wp:featuredmedia":[{"embeddable":true,"href":"https:\/\/2horizontes.com\/index.php?rest_route=\/wp\/v2\/media\/6021"}],"wp:attachment":[{"href":"https:\/\/2horizontes.com\/index.php?rest_route=%2Fwp%2Fv2%2Fmedia&parent=6020"}],"wp:term":[{"taxonomy":"category","embeddable":true,"href":"https:\/\/2horizontes.com\/index.php?rest_route=%2Fwp%2Fv2%2Fcategories&post=6020"},{"taxonomy":"post_tag","embeddable":true,"href":"https:\/\/2horizontes.com\/index.php?rest_route=%2Fwp%2Fv2%2Ftags&post=6020"}],"curies":[{"name":"wp","href":"https:\/\/api.w.org\/{rel}","templated":true}]}}