{"id":60172,"date":"2016-11-21T15:59:03","date_gmt":"2016-11-21T14:59:03","guid":{"rendered":"http:\/\/2horizontes.com\/?p=60172"},"modified":"2016-11-21T15:59:03","modified_gmt":"2016-11-21T14:59:03","slug":"kanye-west-suspendio-concierto-tras-declarar-su-apoyo-a-donald-trump","status":"publish","type":"post","link":"https:\/\/2horizontes.com\/?p=60172","title":{"rendered":"Kanye West suspendi\u00f3 concierto tras declarar su apoyo a Donald Trump"},"content":{"rendered":"<p>Los \u00faltimos d\u00edas no han sido f\u00e1ciles para Kanye West. El rapero llam\u00f3 la atenci\u00f3n luego de apoyar p\u00fablicamente a Trump y por hablar en contra de Jay-Z y Beyonc\u00e9.<\/p>\n<p>Ahora, el cantante nuevamente acapar\u00f3 las miradas al cancelar a \u00faltimo momento un show que iba a realizar la noche del domingo en Los Angeles.<\/p>\n<p>Seg\u00fan inform\u00f3 <em>TMZ<\/em>, la raz\u00f3n se debe a que West necesita tomarse un tiempo por motivos personales, aunque hay varios que creen que el verdadero motivo es por las reacciones que generaron sus comentarios.<\/p>\n<p>El concierto que iba a ofrecer en Los Angeles se trataba de un show que ya hab\u00eda sido reagendado, luego de que abandonara el escenario a principios de mes por problemas vocales.<\/p>\n","protected":false},"excerpt":{"rendered":"<p>Los \u00faltimos d\u00edas no han sido f\u00e1ciles para Kanye West. El rapero llam\u00f3 la atenci\u00f3n luego de apoyar p\u00fablicamente a Trump y por hablar en contra de Jay-Z y Beyonc\u00e9. Ahora, el cantante nuevamente acapar\u00f3 las miradas al cancelar a \u00faltimo momento un show que iba a realizar la noche del domingo en Los Angeles. [&hellip;]<\/p>\n","protected":false},"author":13240,"featured_media":60173,"comment_status":"open","ping_status":"open","sticky":false,"template":"","format":"standard","meta":{"footnotes":""},"categories":[1,40,43],"tags":[],"class_list":["post-60172","post","type-post","status-publish","format-standard","has-post-thumbnail","hentry","category-entretenimiento","category-internacionales","category-politica"],"_links":{"self":[{"href":"https:\/\/2horizontes.com\/index.php?rest_route=\/wp\/v2\/posts\/60172","targetHints":{"allow":["GET"]}}],"collection":[{"href":"https:\/\/2horizontes.com\/index.php?rest_route=\/wp\/v2\/posts"}],"about":[{"href":"https:\/\/2horizontes.com\/index.php?rest_route=\/wp\/v2\/types\/post"}],"author":[{"embeddable":true,"href":"https:\/\/2horizontes.com\/index.php?rest_route=\/wp\/v2\/users\/13240"}],"replies":[{"embeddable":true,"href":"https:\/\/2horizontes.com\/index.php?rest_route=%2Fwp%2Fv2%2Fcomments&post=60172"}],"version-history":[{"count":1,"href":"https:\/\/2horizontes.com\/index.php?rest_route=\/wp\/v2\/posts\/60172\/revisions"}],"predecessor-version":[{"id":60174,"href":"https:\/\/2horizontes.com\/index.php?rest_route=\/wp\/v2\/posts\/60172\/revisions\/60174"}],"wp:featuredmedia":[{"embeddable":true,"href":"https:\/\/2horizontes.com\/index.php?rest_route=\/wp\/v2\/media\/60173"}],"wp:attachment":[{"href":"https:\/\/2horizontes.com\/index.php?rest_route=%2Fwp%2Fv2%2Fmedia&parent=60172"}],"wp:term":[{"taxonomy":"category","embeddable":true,"href":"https:\/\/2horizontes.com\/index.php?rest_route=%2Fwp%2Fv2%2Fcategories&post=60172"},{"taxonomy":"post_tag","embeddable":true,"href":"https:\/\/2horizontes.com\/index.php?rest_route=%2Fwp%2Fv2%2Ftags&post=60172"}],"curies":[{"name":"wp","href":"https:\/\/api.w.org\/{rel}","templated":true}]}}