{"id":60167,"date":"2016-11-21T15:54:00","date_gmt":"2016-11-21T14:54:00","guid":{"rendered":"http:\/\/2horizontes.com\/?p=60167"},"modified":"2016-11-21T15:54:00","modified_gmt":"2016-11-21T14:54:00","slug":"se-mantienen-108-presos-politicos-en-venezuela","status":"publish","type":"post","link":"https:\/\/2horizontes.com\/?p=60167","title":{"rendered":"Se mantienen 108 presos pol\u00edticos en Venezuela"},"content":{"rendered":"<p>Hasta la ma\u00f1ana de este lunes 21 de noviembre existe m\u00e1s de un centenar de presos pol\u00edticos. El conteo lo lleva la ONG Foro Penal.<\/p>\n<p>Alfredo Romero, director de la organizaci\u00f3n, se\u00f1al\u00f3 en su cuenta de Twitter que en los \u00faltimos d\u00edas solo fue liberado Rosmit Mantilla, por lo que la cantidad de presos pol\u00edticos era 108.<\/p>\n<p>La oposici\u00f3n est\u00e1 a la espera de que el gobierno libere al menos a la mitad de los detenidos por motivos pol\u00edticos, este es uno de los acuerdos a los que se lleg\u00f3 en la segunda reuni\u00f3n de di\u00e1logo con el gobierno.<\/p>\n<p>Varios dirigentes opositores indicaron que los diputados suplentes apresados y el alcalde metropolitano Antonio Ledezma ser\u00edan liberados este fin de semana, pero no pas\u00f3.<\/p>\n<div class=\"SandboxRoot env-bp-350\"><\/div>\n","protected":false},"excerpt":{"rendered":"<p>Hasta la ma\u00f1ana de este lunes 21 de noviembre existe m\u00e1s de un centenar de presos pol\u00edticos. El conteo lo lleva la ONG Foro Penal. Alfredo Romero, director de la organizaci\u00f3n, se\u00f1al\u00f3 en su cuenta de Twitter que en los \u00faltimos d\u00edas solo fue liberado Rosmit Mantilla, por lo que la cantidad de presos pol\u00edticos [&hellip;]<\/p>\n","protected":false},"author":13240,"featured_media":60169,"comment_status":"open","ping_status":"open","sticky":false,"template":"","format":"standard","meta":{"footnotes":""},"categories":[40,43,48],"tags":[],"class_list":["post-60167","post","type-post","status-publish","format-standard","has-post-thumbnail","hentry","category-internacionales","category-politica","category-venezuela"],"_links":{"self":[{"href":"https:\/\/2horizontes.com\/index.php?rest_route=\/wp\/v2\/posts\/60167","targetHints":{"allow":["GET"]}}],"collection":[{"href":"https:\/\/2horizontes.com\/index.php?rest_route=\/wp\/v2\/posts"}],"about":[{"href":"https:\/\/2horizontes.com\/index.php?rest_route=\/wp\/v2\/types\/post"}],"author":[{"embeddable":true,"href":"https:\/\/2horizontes.com\/index.php?rest_route=\/wp\/v2\/users\/13240"}],"replies":[{"embeddable":true,"href":"https:\/\/2horizontes.com\/index.php?rest_route=%2Fwp%2Fv2%2Fcomments&post=60167"}],"version-history":[{"count":1,"href":"https:\/\/2horizontes.com\/index.php?rest_route=\/wp\/v2\/posts\/60167\/revisions"}],"predecessor-version":[{"id":60170,"href":"https:\/\/2horizontes.com\/index.php?rest_route=\/wp\/v2\/posts\/60167\/revisions\/60170"}],"wp:featuredmedia":[{"embeddable":true,"href":"https:\/\/2horizontes.com\/index.php?rest_route=\/wp\/v2\/media\/60169"}],"wp:attachment":[{"href":"https:\/\/2horizontes.com\/index.php?rest_route=%2Fwp%2Fv2%2Fmedia&parent=60167"}],"wp:term":[{"taxonomy":"category","embeddable":true,"href":"https:\/\/2horizontes.com\/index.php?rest_route=%2Fwp%2Fv2%2Fcategories&post=60167"},{"taxonomy":"post_tag","embeddable":true,"href":"https:\/\/2horizontes.com\/index.php?rest_route=%2Fwp%2Fv2%2Ftags&post=60167"}],"curies":[{"name":"wp","href":"https:\/\/api.w.org\/{rel}","templated":true}]}}