{"id":60165,"date":"2016-11-21T15:48:11","date_gmt":"2016-11-21T14:48:11","guid":{"rendered":"http:\/\/2horizontes.com\/?p=60165"},"modified":"2016-11-21T15:48:11","modified_gmt":"2016-11-21T14:48:11","slug":"primer-ministro-de-canada-estoy-interesado-en-trabajar-con-trump","status":"publish","type":"post","link":"https:\/\/2horizontes.com\/?p=60165","title":{"rendered":"Primer ministro de Canad\u00e1: \u00abEstoy interesado en trabajar con Trump\u00bb"},"content":{"rendered":"<p>El primer ministro de Canad\u00e1, Justin Trudeau, asegur\u00f3 tras la Cumbre de L\u00edderes del Foro de Cooperaci\u00f3n Econ\u00f3mica Asia-Pac\u00edfico (APEC) que trabajar\u00e1 para demostrar al presidente electo de Estados Unidos, Donald Trump, los beneficios del libre comercio para ambos pa\u00edses.<\/p>\n<p>\u00abEstoy interesado en trabajar con Trump en una amplia gama de temas. El nivel de integraci\u00f3n y dependencia de nuestras econom\u00edas prueba que el comercio es bueno para ambos pa\u00edses, y esto va a continuar porque es fuente de empleo y de oportunidades\u00bb, dijo Trudeau en una conferencia de prensa.<\/p>\n<p>El dignatario canadiense confi\u00f3 en que pueda prosperar el Acuerdo Transpac\u00edfico de Cooperaci\u00f3n Econ\u00f3mica (TPP), suscrito por doce de las veinti\u00fan econom\u00edas del APEC, pero todav\u00eda pendiente de ratificaci\u00f3n por la mayor\u00eda de sus firmantes, entre ellos los EE.UU.<\/p>\n<p>Trudeau defendi\u00f3 que los acuerdos comerciales \u00abpueden y deben ser buenos para las clase medias y trabajadoras\u00bb y expres\u00f3 su orgullo por haber firmado recientemente el Tratado Bilateral de Libre Comercio (CETA) con la Uni\u00f3n Europea (UE), al que consider\u00f3 como \u00abmuy positivo y progresista\u00bb.<\/p>\n<p>El canadiense exhort\u00f3 a sus socios del APEC a seguir trabajando en favor del libre comercio para romper las barreras al crecimiento y garantizarse de que tiene resultados positivos para todo el mundo.<\/p>\n<p>\u00abEstamos de acuerdo en trabajar conjuntamente para que los tratados de libre comercio sean justos para todas las partes\u00bb, a\u00f1adi\u00f3 Trudeau.<\/p>\n<p>Resalt\u00f3 los potenciales beneficios que los acuerdos comerciales pueden tener para las peque\u00f1as y medianas empresas (pymes) y puso como ejemplo el acceso al mercado chino para los productores canadienses de langostas y cerezas.<\/p>\n<p>Trudeau tambi\u00e9n se\u00f1al\u00f3 que los empleos de los sectores de Canad\u00e1 orientados a las exportaciones tienen salarios en un 50 % superiores en promedio a aquellas sectores que no tienen tanta salida al comercio exterior.<\/p>\n<p>El primer ministro de Canad\u00e1 destac\u00f3 un acuerdo alcanzado durante su estancia en Per\u00fa para que la cooperaci\u00f3n canadiense invierta alrededor de 20 millones de d\u00f3lares en los pr\u00f3ximos siete a\u00f1os en Per\u00fa con el fin de aumentar el acceso a la educaci\u00f3n de sus estudiantes.<\/p>\n<p>Trudeau se reuni\u00f3 en la Cumbre de L\u00edderes con los otros veinte mandatarios de las econom\u00edas del APEC, celebrada en Lima desde el 14 al 20 de noviembre.<\/p>\n<p>Los pa\u00edses del APEC representan el 54 % del producto interno bruto (PIB) global y el 50,3 % de las exportaciones mundiales, y cuentan con un mercado de m\u00e1s de 2.800 millones de personas, equivalente al 40 % de la poblaci\u00f3n mundial.<\/p>\n","protected":false},"excerpt":{"rendered":"<p>El primer ministro de Canad\u00e1, Justin Trudeau, asegur\u00f3 tras la Cumbre de L\u00edderes del Foro de Cooperaci\u00f3n Econ\u00f3mica Asia-Pac\u00edfico (APEC) que trabajar\u00e1 para demostrar al presidente electo de Estados Unidos, Donald Trump, los beneficios del libre comercio para ambos pa\u00edses. \u00abEstoy interesado en trabajar con Trump en una amplia gama de temas. El nivel de [&hellip;]<\/p>\n","protected":false},"author":13240,"featured_media":60166,"comment_status":"open","ping_status":"open","sticky":false,"template":"","format":"standard","meta":{"footnotes":""},"categories":[40,43],"tags":[],"class_list":["post-60165","post","type-post","status-publish","format-standard","has-post-thumbnail","hentry","category-internacionales","category-politica"],"_links":{"self":[{"href":"https:\/\/2horizontes.com\/index.php?rest_route=\/wp\/v2\/posts\/60165","targetHints":{"allow":["GET"]}}],"collection":[{"href":"https:\/\/2horizontes.com\/index.php?rest_route=\/wp\/v2\/posts"}],"about":[{"href":"https:\/\/2horizontes.com\/index.php?rest_route=\/wp\/v2\/types\/post"}],"author":[{"embeddable":true,"href":"https:\/\/2horizontes.com\/index.php?rest_route=\/wp\/v2\/users\/13240"}],"replies":[{"embeddable":true,"href":"https:\/\/2horizontes.com\/index.php?rest_route=%2Fwp%2Fv2%2Fcomments&post=60165"}],"version-history":[{"count":1,"href":"https:\/\/2horizontes.com\/index.php?rest_route=\/wp\/v2\/posts\/60165\/revisions"}],"predecessor-version":[{"id":60168,"href":"https:\/\/2horizontes.com\/index.php?rest_route=\/wp\/v2\/posts\/60165\/revisions\/60168"}],"wp:featuredmedia":[{"embeddable":true,"href":"https:\/\/2horizontes.com\/index.php?rest_route=\/wp\/v2\/media\/60166"}],"wp:attachment":[{"href":"https:\/\/2horizontes.com\/index.php?rest_route=%2Fwp%2Fv2%2Fmedia&parent=60165"}],"wp:term":[{"taxonomy":"category","embeddable":true,"href":"https:\/\/2horizontes.com\/index.php?rest_route=%2Fwp%2Fv2%2Fcategories&post=60165"},{"taxonomy":"post_tag","embeddable":true,"href":"https:\/\/2horizontes.com\/index.php?rest_route=%2Fwp%2Fv2%2Ftags&post=60165"}],"curies":[{"name":"wp","href":"https:\/\/api.w.org\/{rel}","templated":true}]}}