{"id":60157,"date":"2016-11-21T15:37:23","date_gmt":"2016-11-21T14:37:23","guid":{"rendered":"http:\/\/2horizontes.com\/?p=60157"},"modified":"2016-11-21T15:37:23","modified_gmt":"2016-11-21T14:37:23","slug":"justin-bieber-entreno-con-los-jugadores-del-barcelona","status":"publish","type":"post","link":"https:\/\/2horizontes.com\/?p=60157","title":{"rendered":"Justin Bieber entren\u00f3 con los jugadores del Barcelona"},"content":{"rendered":"<p>El cantante canadiense Justin Bieber, quien act\u00faa el martes en Barcelona, presenci\u00f3 en la ma\u00f1ana de este lunes el entrenamiento del FC Barcelona y se fotografi\u00f3 con las estrellas del equipo azulgrana.<\/p>\n<p>Incluso se puso ropa de entrenamiento y comparti\u00f3 algunas jugadas con Neymar Jr, con quien coincidi\u00f3 el pasado verano en Estados Unidos, y con Rafinha Alc\u00e1ntara.<\/p>\n<p>Bieber actuar\u00e1 el martes en el Palau Sant Jordi de Barcelona y el pr\u00f3ximo mi\u00e9rcoles en el Barclaycenter de Madrid, el palacio de los deportes de la capital.<\/p>\n","protected":false},"excerpt":{"rendered":"<p>El cantante canadiense Justin Bieber, quien act\u00faa el martes en Barcelona, presenci\u00f3 en la ma\u00f1ana de este lunes el entrenamiento del FC Barcelona y se fotografi\u00f3 con las estrellas del equipo azulgrana. Incluso se puso ropa de entrenamiento y comparti\u00f3 algunas jugadas con Neymar Jr, con quien coincidi\u00f3 el pasado verano en Estados Unidos, y [&hellip;]<\/p>\n","protected":false},"author":13240,"featured_media":60160,"comment_status":"open","ping_status":"open","sticky":false,"template":"","format":"standard","meta":{"footnotes":""},"categories":[42,1,86,40],"tags":[],"class_list":["post-60157","post","type-post","status-publish","format-standard","has-post-thumbnail","hentry","category-deportes","category-entretenimiento","category-europa","category-internacionales"],"_links":{"self":[{"href":"https:\/\/2horizontes.com\/index.php?rest_route=\/wp\/v2\/posts\/60157","targetHints":{"allow":["GET"]}}],"collection":[{"href":"https:\/\/2horizontes.com\/index.php?rest_route=\/wp\/v2\/posts"}],"about":[{"href":"https:\/\/2horizontes.com\/index.php?rest_route=\/wp\/v2\/types\/post"}],"author":[{"embeddable":true,"href":"https:\/\/2horizontes.com\/index.php?rest_route=\/wp\/v2\/users\/13240"}],"replies":[{"embeddable":true,"href":"https:\/\/2horizontes.com\/index.php?rest_route=%2Fwp%2Fv2%2Fcomments&post=60157"}],"version-history":[{"count":1,"href":"https:\/\/2horizontes.com\/index.php?rest_route=\/wp\/v2\/posts\/60157\/revisions"}],"predecessor-version":[{"id":60161,"href":"https:\/\/2horizontes.com\/index.php?rest_route=\/wp\/v2\/posts\/60157\/revisions\/60161"}],"wp:featuredmedia":[{"embeddable":true,"href":"https:\/\/2horizontes.com\/index.php?rest_route=\/wp\/v2\/media\/60160"}],"wp:attachment":[{"href":"https:\/\/2horizontes.com\/index.php?rest_route=%2Fwp%2Fv2%2Fmedia&parent=60157"}],"wp:term":[{"taxonomy":"category","embeddable":true,"href":"https:\/\/2horizontes.com\/index.php?rest_route=%2Fwp%2Fv2%2Fcategories&post=60157"},{"taxonomy":"post_tag","embeddable":true,"href":"https:\/\/2horizontes.com\/index.php?rest_route=%2Fwp%2Fv2%2Ftags&post=60157"}],"curies":[{"name":"wp","href":"https:\/\/api.w.org\/{rel}","templated":true}]}}