{"id":60156,"date":"2016-11-21T15:33:52","date_gmt":"2016-11-21T14:33:52","guid":{"rendered":"http:\/\/2horizontes.com\/?p=60156"},"modified":"2016-11-21T15:33:52","modified_gmt":"2016-11-21T14:33:52","slug":"presidenta-de-corea-del-sur-corre-riesgo-de-impeachment","status":"publish","type":"post","link":"https:\/\/2horizontes.com\/?p=60156","title":{"rendered":"Presidenta de Corea del Sur corre riesgo de \u00abimpeachment\u00bb"},"content":{"rendered":"<p>La principal fuerza de la oposici\u00f3n de\u00a0Corea del Sur, el progresista Partido Democr\u00e1tico, anunci\u00f3\u00a0que promover\u00e1 un proceso de destituci\u00f3n de la presidenta del pa\u00eds, Park Geun-hye, si esta no dimite tras ser declarada c\u00f3mplice de un sonado caso de corrupci\u00f3n.<\/p>\n<p>\u00abPark debe dimitir. Teniendo en cuenta esta postura, vamos a revisar el &#8216;impeachment&#8217; de Park y la posibilidad de formar un gabinete provisional cuando corresponda\u00bb, expres\u00f3 la l\u00edder del Democr\u00e1tico, Choo Mi-ae, en una reuni\u00f3n con cargos del partido.<\/p>\n<p>Choo asegur\u00f3 que se iniciar\u00e1n \u00abde forma inmediata\u00bb los tr\u00e1mites necesarios para el proceso de destituci\u00f3n en la Asamblea Nacional (Parlamento) de\u00a0Corea del Sur, aunque advirti\u00f3 de que \u00e9ste podr\u00eda tardar hasta seis meses en producirse, seg\u00fan un comunicado divulgado por el partido.<\/p>\n<p>El anuncio llega un d\u00eda despu\u00e9s de que la Fiscal\u00eda de\u00a0Corea del Sur\u00a0se\u00f1alara a la presidenta como c\u00f3mplice de un caso de corrupci\u00f3n y tr\u00e1fico de influencias que ha desatado una fuerte indignaci\u00f3n en el pa\u00eds y ha intensificado las peticiones de dimisi\u00f3n de Park.<\/p>\n<p>Los fiscales aseguraron el domingo que Park cooper\u00f3 con su \u00edntima amiga, Choi Soon-sil, y otros dos excolaboradores en presionar a m\u00e1s de 50 empresas del pa\u00eds para que donaran un total de US$65,7 millones a dos fundaciones.<\/p>\n<p>Los principales partidos de la oposici\u00f3n, que forman mayor\u00eda en la Asamblea Nacional de\u00a0Corea del Sur, no hab\u00edan planteado hasta entonces la posibilidad de iniciar un proceso de destituci\u00f3n de la presidenta al creer que podr\u00eda ser rechazado en \u00faltima instancia por el Tribunal Constitucional.<\/p>\n<p>El esc\u00e1ndalo \u00abChoi Soon-sil Gate\u00bb, que comenz\u00f3 a destaparse hace un mes, ha reducido a m\u00ednimos la popularidad de la presidenta y ha llevado a toda la oposici\u00f3n y a gran parte de la sociedad a pedir su dimisi\u00f3n, a la espera de que preste declaraci\u00f3n ante los fiscales en los pr\u00f3ximos d\u00edas.<\/p>\n<p>Cientos de miles de personas se manifestaron el s\u00e1bado en la capital de\u00a0Corea del Sur\u00a0para pedir la dimisi\u00f3n de Park y la semana anterior la cifra super\u00f3 el mill\u00f3n, seg\u00fan los organizadores.<\/p>\n<p>La indignaci\u00f3n responde en gran parte a la percepci\u00f3n generalizada de que la amiga de la presidenta, que no ostenta cargo p\u00fablico alguno, habr\u00eda intervenido de forma oculta en asuntos de Estado, adem\u00e1s de acumular beneficios econ\u00f3micos e incluso asegurar privilegios acad\u00e9micos para su hija.<\/p>\n","protected":false},"excerpt":{"rendered":"<p>La principal fuerza de la oposici\u00f3n de\u00a0Corea del Sur, el progresista Partido Democr\u00e1tico, anunci\u00f3\u00a0que promover\u00e1 un proceso de destituci\u00f3n de la presidenta del pa\u00eds, Park Geun-hye, si esta no dimite tras ser declarada c\u00f3mplice de un sonado caso de corrupci\u00f3n. \u00abPark debe dimitir. Teniendo en cuenta esta postura, vamos a revisar el &#8216;impeachment&#8217; de Park [&hellip;]<\/p>\n","protected":false},"author":13240,"featured_media":60158,"comment_status":"open","ping_status":"open","sticky":false,"template":"","format":"standard","meta":{"footnotes":""},"categories":[40,43],"tags":[],"class_list":["post-60156","post","type-post","status-publish","format-standard","has-post-thumbnail","hentry","category-internacionales","category-politica"],"_links":{"self":[{"href":"https:\/\/2horizontes.com\/index.php?rest_route=\/wp\/v2\/posts\/60156","targetHints":{"allow":["GET"]}}],"collection":[{"href":"https:\/\/2horizontes.com\/index.php?rest_route=\/wp\/v2\/posts"}],"about":[{"href":"https:\/\/2horizontes.com\/index.php?rest_route=\/wp\/v2\/types\/post"}],"author":[{"embeddable":true,"href":"https:\/\/2horizontes.com\/index.php?rest_route=\/wp\/v2\/users\/13240"}],"replies":[{"embeddable":true,"href":"https:\/\/2horizontes.com\/index.php?rest_route=%2Fwp%2Fv2%2Fcomments&post=60156"}],"version-history":[{"count":1,"href":"https:\/\/2horizontes.com\/index.php?rest_route=\/wp\/v2\/posts\/60156\/revisions"}],"predecessor-version":[{"id":60159,"href":"https:\/\/2horizontes.com\/index.php?rest_route=\/wp\/v2\/posts\/60156\/revisions\/60159"}],"wp:featuredmedia":[{"embeddable":true,"href":"https:\/\/2horizontes.com\/index.php?rest_route=\/wp\/v2\/media\/60158"}],"wp:attachment":[{"href":"https:\/\/2horizontes.com\/index.php?rest_route=%2Fwp%2Fv2%2Fmedia&parent=60156"}],"wp:term":[{"taxonomy":"category","embeddable":true,"href":"https:\/\/2horizontes.com\/index.php?rest_route=%2Fwp%2Fv2%2Fcategories&post=60156"},{"taxonomy":"post_tag","embeddable":true,"href":"https:\/\/2horizontes.com\/index.php?rest_route=%2Fwp%2Fv2%2Ftags&post=60156"}],"curies":[{"name":"wp","href":"https:\/\/api.w.org\/{rel}","templated":true}]}}