{"id":60126,"date":"2016-11-18T23:28:43","date_gmt":"2016-11-18T22:28:43","guid":{"rendered":"http:\/\/2horizontes.com\/?p=60126"},"modified":"2016-11-18T23:28:43","modified_gmt":"2016-11-18T22:28:43","slug":"cristiano-ronaldo-puso-la-eurocopa-por-encima-de-la-champions","status":"publish","type":"post","link":"https:\/\/2horizontes.com\/?p=60126","title":{"rendered":"Cristiano Ronaldo puso la Eurocopa por encima de la Champions"},"content":{"rendered":"<p>El delantero portugu\u00e9s Cristiano Ronaldo considera que el momento m\u00e1s feliz de su vida fue la conquista de la Eurocopa este pasado verano, por encima de los trofeos individuales que ha conseguido o de los t\u00edtulos de Liga de Campeones.<\/p>\n<p>As\u00ed lo asegur\u00f3 ante sus compa\u00f1eros de equipo minutos despu\u00e9s de acabar el partido, seg\u00fan recogen unas im\u00e1genes in\u00e9ditas divulgadas hoy por la Federaci\u00f3n Portuguesa de F\u00fatbol (FPF) en las que se pueden ver las palabras que pronunci\u00f3 el capit\u00e1n de la selecci\u00f3n de Portugal en el vestuario tras la final de Par\u00eds.<\/p>\n<p>\u00abOlviden los trofeos individuales, olviden la Champions. Este es el momento m\u00e1s feliz de mi vida. Ya he llorado tres o cuatro veces (&#8230;) Lo juro por mi hijo\u00bb, asegur\u00f3 el jugador del Real Madrid en su emotivo discurso, que recibi\u00f3 los aplausos del resto de futbolistas y del equipo t\u00e9cnico.<\/p>\n<p>Ronaldo record\u00f3 que la Eurocopa era el t\u00edtulo que le faltaba en su carrera y agradeci\u00f3 a sus compa\u00f1eros y a todo el equipo su contribuci\u00f3n para conseguirlo.<\/p>\n<p>\u00abNadie cre\u00eda en Portugal, pero lo conseguimos\u00bb, dijo el delantero de Madeira, que dedic\u00f3 unas palabras especiales al seleccionador Fernando Santos, a quien agradeci\u00f3 la fe que tuvo en el equipo y sin la que no habr\u00eda sido posible la victoria.<\/p>\n<p>\u00abMerec\u00edamos esto. Entramos en la historia de Portugal. Fuimos los primeros en conseguir esto\u00bb, se\u00f1al\u00f3, recordando que la Eurocopa de 2016 es el primer trofeo de selecciones que tiene Portugal en sus vitrinas.<\/p>\n<p>Portugal se impuso a la anfitriona Francia el pasado 10 de julio en Par\u00eds por 0-1, con un gol en la pr\u00f3rroga de \u00c9der, y se coron\u00f3 campeona de Europa.<\/p>\n","protected":false},"excerpt":{"rendered":"<p>El delantero portugu\u00e9s Cristiano Ronaldo considera que el momento m\u00e1s feliz de su vida fue la conquista de la Eurocopa este pasado verano, por encima de los trofeos individuales que ha conseguido o de los t\u00edtulos de Liga de Campeones. As\u00ed lo asegur\u00f3 ante sus compa\u00f1eros de equipo minutos despu\u00e9s de acabar el partido, seg\u00fan [&hellip;]<\/p>\n","protected":false},"author":13240,"featured_media":56039,"comment_status":"open","ping_status":"open","sticky":false,"template":"","format":"standard","meta":{"footnotes":""},"categories":[42,86,40],"tags":[],"class_list":["post-60126","post","type-post","status-publish","format-standard","has-post-thumbnail","hentry","category-deportes","category-europa","category-internacionales"],"_links":{"self":[{"href":"https:\/\/2horizontes.com\/index.php?rest_route=\/wp\/v2\/posts\/60126","targetHints":{"allow":["GET"]}}],"collection":[{"href":"https:\/\/2horizontes.com\/index.php?rest_route=\/wp\/v2\/posts"}],"about":[{"href":"https:\/\/2horizontes.com\/index.php?rest_route=\/wp\/v2\/types\/post"}],"author":[{"embeddable":true,"href":"https:\/\/2horizontes.com\/index.php?rest_route=\/wp\/v2\/users\/13240"}],"replies":[{"embeddable":true,"href":"https:\/\/2horizontes.com\/index.php?rest_route=%2Fwp%2Fv2%2Fcomments&post=60126"}],"version-history":[{"count":1,"href":"https:\/\/2horizontes.com\/index.php?rest_route=\/wp\/v2\/posts\/60126\/revisions"}],"predecessor-version":[{"id":60127,"href":"https:\/\/2horizontes.com\/index.php?rest_route=\/wp\/v2\/posts\/60126\/revisions\/60127"}],"wp:featuredmedia":[{"embeddable":true,"href":"https:\/\/2horizontes.com\/index.php?rest_route=\/wp\/v2\/media\/56039"}],"wp:attachment":[{"href":"https:\/\/2horizontes.com\/index.php?rest_route=%2Fwp%2Fv2%2Fmedia&parent=60126"}],"wp:term":[{"taxonomy":"category","embeddable":true,"href":"https:\/\/2horizontes.com\/index.php?rest_route=%2Fwp%2Fv2%2Fcategories&post=60126"},{"taxonomy":"post_tag","embeddable":true,"href":"https:\/\/2horizontes.com\/index.php?rest_route=%2Fwp%2Fv2%2Ftags&post=60126"}],"curies":[{"name":"wp","href":"https:\/\/api.w.org\/{rel}","templated":true}]}}