{"id":60106,"date":"2016-11-18T14:23:42","date_gmt":"2016-11-18T13:23:42","guid":{"rendered":"http:\/\/2horizontes.com\/?p=60106"},"modified":"2016-11-18T14:23:42","modified_gmt":"2016-11-18T13:23:42","slug":"las-palabras-de-cifuentes-sobre-andalucia-provocan-una-bronca-entre-autonomias","status":"publish","type":"post","link":"https:\/\/2horizontes.com\/?p=60106","title":{"rendered":"Las palabras de Cifuentes sobre Andaluc\u00eda provocan una bronca entre autonom\u00edas"},"content":{"rendered":"<p>Las palabras de la presidenta auton\u00f3mica, Cristina Cifuentes, sobre el pago de los servicios p\u00fablicos a Andaluc\u00eda han escocido en Andaluc\u00eda, pero no s\u00f3lo en el PSOE-A o en Ciudadanos, que apoyan al Gobierno de Susana D\u00edaz, sino tambi\u00e9n en el PP de la regi\u00f3n, donde recuerdan a la presidenta madrile\u00f1a que a Andaluc\u00eda nadie le ha regalado nada.<\/p>\n<p>En una intervenci\u00f3n de r\u00e9plica al PSOE de Madrid, Cifuentes dijo en la Asamblea de la Comunidad que los madrile\u00f1os est\u00e1n pagando los servicios sanitarios y educativos de Andaluc\u00eda.Tras escuchar estas palabras la presidenta de la Junta de Andaluc\u00eda, Susana D\u00edaz, acus\u00f3 a Cifuentes de \u201cmentir\u201d se\u00f1alando que \u201calgunos se emocionan mucho con banderas y despu\u00e9s hacen discursos que van radicalmente en contra de la igualdad y de la unidad de un pa\u00eds\u201d. Pero las palabras han provocado una escalada de reacciones que han culminado en bronca entre autonom\u00edas.<\/p>\n<p>Desde Madrid, la consejera de Econom\u00eda y Hacienda de la Comunidad, Engracia Hidalgo, ha considerado \u201cinjusto\u201d c\u00f3mo se han interpretado las palabras de Cristina Cifuentes porque la jefa del Ejecutivo auton\u00f3mico \u201cjam\u00e1s ha cuestionado la solidaridad\u201d entre espa\u00f1oles. Hidalgo ha afirmado que es \u201cprofundamente injusto\u201d c\u00f3mo se han interpretado estas palabras, porque si hay una persona a la que \u201csiempre ha escuchado hablar solidaridad, del derecho de todos los espa\u00f1oles a tener el mismo nivel de prestaciones de los servicios p\u00fablicos ha sido a Cristina Cifuentes\u201d.<\/p>\n","protected":false},"excerpt":{"rendered":"<p>Las palabras de la presidenta auton\u00f3mica, Cristina Cifuentes, sobre el pago de los servicios p\u00fablicos a Andaluc\u00eda han escocido en Andaluc\u00eda, pero no s\u00f3lo en el PSOE-A o en Ciudadanos, que apoyan al Gobierno de Susana D\u00edaz, sino tambi\u00e9n en el PP de la regi\u00f3n, donde recuerdan a la presidenta madrile\u00f1a que a Andaluc\u00eda nadie [&hellip;]<\/p>\n","protected":false},"author":3,"featured_media":60107,"comment_status":"open","ping_status":"open","sticky":false,"template":"","format":"standard","meta":{"footnotes":""},"categories":[85,43],"tags":[],"class_list":["post-60106","post","type-post","status-publish","format-standard","has-post-thumbnail","hentry","category-espana","category-politica"],"_links":{"self":[{"href":"https:\/\/2horizontes.com\/index.php?rest_route=\/wp\/v2\/posts\/60106","targetHints":{"allow":["GET"]}}],"collection":[{"href":"https:\/\/2horizontes.com\/index.php?rest_route=\/wp\/v2\/posts"}],"about":[{"href":"https:\/\/2horizontes.com\/index.php?rest_route=\/wp\/v2\/types\/post"}],"author":[{"embeddable":true,"href":"https:\/\/2horizontes.com\/index.php?rest_route=\/wp\/v2\/users\/3"}],"replies":[{"embeddable":true,"href":"https:\/\/2horizontes.com\/index.php?rest_route=%2Fwp%2Fv2%2Fcomments&post=60106"}],"version-history":[{"count":1,"href":"https:\/\/2horizontes.com\/index.php?rest_route=\/wp\/v2\/posts\/60106\/revisions"}],"predecessor-version":[{"id":60108,"href":"https:\/\/2horizontes.com\/index.php?rest_route=\/wp\/v2\/posts\/60106\/revisions\/60108"}],"wp:featuredmedia":[{"embeddable":true,"href":"https:\/\/2horizontes.com\/index.php?rest_route=\/wp\/v2\/media\/60107"}],"wp:attachment":[{"href":"https:\/\/2horizontes.com\/index.php?rest_route=%2Fwp%2Fv2%2Fmedia&parent=60106"}],"wp:term":[{"taxonomy":"category","embeddable":true,"href":"https:\/\/2horizontes.com\/index.php?rest_route=%2Fwp%2Fv2%2Fcategories&post=60106"},{"taxonomy":"post_tag","embeddable":true,"href":"https:\/\/2horizontes.com\/index.php?rest_route=%2Fwp%2Fv2%2Ftags&post=60106"}],"curies":[{"name":"wp","href":"https:\/\/api.w.org\/{rel}","templated":true}]}}