{"id":60084,"date":"2016-11-17T17:17:07","date_gmt":"2016-11-17T16:17:07","guid":{"rendered":"http:\/\/2horizontes.com\/?p=60084"},"modified":"2016-11-17T17:17:07","modified_gmt":"2016-11-17T16:17:07","slug":"presidente-de-la-suprema-felicita-a-julio-cesar-castanos-guzman","status":"publish","type":"post","link":"https:\/\/2horizontes.com\/?p=60084","title":{"rendered":"Presidente de la Suprema felicita a Julio C\u00e9sar Casta\u00f1os Guzm\u00e1n"},"content":{"rendered":"<p>SANTO DOMINGO. El presidente de la Suprema Corte de Justicia, Mariano Germ\u00e1n Mej\u00eda, felicit\u00f3 a Julio C\u00e9sar Casta\u00f1os Guzm\u00e1n por su designaci\u00f3n como presidente de la Junta Central Electoral (JCE), y calific\u00f3 su selecci\u00f3n como un reconocimiento a su trabajo.<\/p>\n<p>\u201cYo en primer lugar lo quiero felicitar, y quiero que la prensa se haga eco de que yo lo felicito, n\u00famero dos, es un reconocimiento a su trabajo en la Suprema Corte de Justicia\u201d, refiri\u00f3.<\/p>\n<p>Describi\u00f3 que su designaci\u00f3n es una prueba de los valores importantes que administra desde su interior la Suprema Corte.<\/p>\n<p>Dijo que si el nuevo presidente tiene las condiciones, los proyectos, los sue\u00f1os y hace el trabajo que le corresponde, evidentemente triunfar\u00e1 en ese \u00f3rgano del Estado por lo que le desea la mejor de las suertes.<\/p>\n<p>El presidente del Colegio de Abogados de la Rep\u00fablica Dominicana, Miguel Sur\u00fan Hern\u00e1ndez, as\u00ed como el decano de la Facultad de Ciencias Jur\u00eddicas de la Universidad Aut\u00f3noma de Santo Domingo (UASD), Antonio Medina, tambi\u00e9n mostraron satisfacci\u00f3n por la selecci\u00f3n de Casta\u00f1os Guzm\u00e1n como presidente de la Junta Central Electoral.<\/p>\n<p>\u201cDefinitivamente es un paso de avance para elevar los niveles de confianza en los organismos electorales de la Rep\u00fablica Dominicana y en este orden de ideas hay que felicitar al Senado de la Rep\u00fablica por la forma transparente como manej\u00f3 el proceso y en definitiva el desprendimiento que hubo para seleccionar a los mejores hombres y mujeres que representaran la confianza de amplios sectores de la sociedad\u201d, expres\u00f3 Sur\u00fan Hern\u00e1ndez.<\/p>\n<p>Medina dijo que conf\u00eda en la competencia y honorabilidad de los cinco integrantes de la JCE, por lo que espera que hagan un buen trabajo en beneficio del sistema democr\u00e1tico en el pa\u00eds<\/p>\n","protected":false},"excerpt":{"rendered":"<p>SANTO DOMINGO. El presidente de la Suprema Corte de Justicia, Mariano Germ\u00e1n Mej\u00eda, felicit\u00f3 a Julio C\u00e9sar Casta\u00f1os Guzm\u00e1n por su designaci\u00f3n como presidente de la Junta Central Electoral (JCE), y calific\u00f3 su selecci\u00f3n como un reconocimiento a su trabajo. \u201cYo en primer lugar lo quiero felicitar, y quiero que la prensa se haga eco [&hellip;]<\/p>\n","protected":false},"author":13240,"featured_media":60085,"comment_status":"open","ping_status":"open","sticky":false,"template":"","format":"standard","meta":{"footnotes":""},"categories":[40,44],"tags":[],"class_list":["post-60084","post","type-post","status-publish","format-standard","has-post-thumbnail","hentry","category-internacionales","category-republica-dominicana"],"_links":{"self":[{"href":"https:\/\/2horizontes.com\/index.php?rest_route=\/wp\/v2\/posts\/60084","targetHints":{"allow":["GET"]}}],"collection":[{"href":"https:\/\/2horizontes.com\/index.php?rest_route=\/wp\/v2\/posts"}],"about":[{"href":"https:\/\/2horizontes.com\/index.php?rest_route=\/wp\/v2\/types\/post"}],"author":[{"embeddable":true,"href":"https:\/\/2horizontes.com\/index.php?rest_route=\/wp\/v2\/users\/13240"}],"replies":[{"embeddable":true,"href":"https:\/\/2horizontes.com\/index.php?rest_route=%2Fwp%2Fv2%2Fcomments&post=60084"}],"version-history":[{"count":1,"href":"https:\/\/2horizontes.com\/index.php?rest_route=\/wp\/v2\/posts\/60084\/revisions"}],"predecessor-version":[{"id":60086,"href":"https:\/\/2horizontes.com\/index.php?rest_route=\/wp\/v2\/posts\/60084\/revisions\/60086"}],"wp:featuredmedia":[{"embeddable":true,"href":"https:\/\/2horizontes.com\/index.php?rest_route=\/wp\/v2\/media\/60085"}],"wp:attachment":[{"href":"https:\/\/2horizontes.com\/index.php?rest_route=%2Fwp%2Fv2%2Fmedia&parent=60084"}],"wp:term":[{"taxonomy":"category","embeddable":true,"href":"https:\/\/2horizontes.com\/index.php?rest_route=%2Fwp%2Fv2%2Fcategories&post=60084"},{"taxonomy":"post_tag","embeddable":true,"href":"https:\/\/2horizontes.com\/index.php?rest_route=%2Fwp%2Fv2%2Ftags&post=60084"}],"curies":[{"name":"wp","href":"https:\/\/api.w.org\/{rel}","templated":true}]}}