{"id":60080,"date":"2016-11-17T17:12:18","date_gmt":"2016-11-17T16:12:18","guid":{"rendered":"http:\/\/2horizontes.com\/?p=60080"},"modified":"2016-11-17T17:12:18","modified_gmt":"2016-11-17T16:12:18","slug":"musicos-venezolanos-se-alistan-para-la-noche-del-latin-grammy","status":"publish","type":"post","link":"https:\/\/2horizontes.com\/?p=60080","title":{"rendered":"M\u00fasicos venezolanos se alistan para la noche del Latin Grammy"},"content":{"rendered":"<p>Este a\u00f1o una de las sorpresas en las nominaciones al Latin Grammy fue la elecci\u00f3n de Jes\u00fas \u201cChino\u201d Miranda como uno de los competidores al galard\u00f3n. El cantante ha ganado el premio, pero como parte del d\u00fao Chino y Nacho. Esta vez figura por su trabajo en solitario en la banda sonora de la pel\u00edcula\u00a0<em>El malquerido<\/em>, en la que adem\u00e1s interpret\u00f3 a Felipe Pirela.\u00a0<em>El Malquerido: Original Motion Picture Soundtrack<\/em>\u00a0opta a Mejor \u00c1lbum Tropical Tradicional, categor\u00eda en la que tambi\u00e9n se encuentra Rafael \u201cPollo\u201d Brito por su \u00e1lbum\u00a0<em>Pa&#8217; T\u00edo Sim\u00f3n<\/em>, una producci\u00f3n en la que el cantante versiona temas como \u201cCorral del orde\u00f1o\u201d, \u201cMi caballito\u201d, \u201cLuna de Margarita\u201d y \u201cCaballo viejo\u201d. El tambi\u00e9n cuatrista\u00a0fue postulado\u00a0en 2015 por\u00a0<em>Homenaje a Tito Rodr\u00edguez<\/em>\u00a0y en 2014, junto con C4 Tr\u00edo, estuvo entre los candidatos a Mejor \u00c1lbum Folkl\u00f3rico por\u00a0<em>De repente<\/em>, que gan\u00f3 Mejor Ingenier\u00eda de Grabaci\u00f3n para un \u00c1lbum.<\/p>\n<p>Otros que regresan a Las Vegas son los integrantes de Guaco, que en 2013 compitieron a \u00c1lbum del A\u00f1o y Mejor \u00c1lbum Tropical por\u00a0<em>Escultura<\/em>, distribuido por\u00a0<strong>El Nacional<\/strong>\u00a0y el a\u00f1o pasado\u00a0<em>Presente continuo\u00a0<\/em>opt\u00f3 a Mejor \u00c1lbum Tropical Contempor\u00e1neo, rengl\u00f3n en el que este a\u00f1o aparecen en lista por\u00a0<em>Guaco Hist\u00f3rico 2<\/em>.<\/p>\n<p>Es la primera vez que Caramelos de Cianuro compite. Son los que tienen m\u00e1s nominaciones entre los venezolanos. El grupo figura en\u00a0las categor\u00edas\u00a0Mejor \u00c1lbum Pop\/Rock por\u00a0<em>8<\/em>\u00a0y Mejor Canci\u00f3n de Rock por \u201cAbismo\u201d. El productor del octavo \u00e1lbum de estudio del grupo venezolano es H\u00e9ctor Castillo,\u00a0uno de\u00a0los responsables de la mezcla de\u00a0<em>Algo sucede<\/em>,\u00a0de Julieta Venegas, que podr\u00eda llevarse el gram\u00f3fono\u00a0como\u00a0\u00c1lbum del A\u00f1o.<\/p>\n<p>Treo, responsable de temas como \u201cCuando te veo\u201d y \u201cMu\u00f1eca\u201d, fue tomada en cuenta por\u00a0la Academia\u00a0por su producci\u00f3n\u00a0<em>Genera<\/em>, que podr\u00eda llevarse el gram\u00f3fono a Mejor \u00c1lbum de Fusi\u00f3n Tropical.<\/p>\n<p>Entre las categor\u00edas principales de la premiaci\u00f3n se encuentra el nombre de Servando Primera, quien es uno de de los siete compositores de \u201cDuele el coraz\u00f3n\u201d, que cantan Enrique Iglesias y Wisin. El tema compite a Canci\u00f3n del A\u00f1o.<\/p>\n<p>&nbsp;<\/p>\n<p><strong>Pocos medi\u00e1ticos<\/strong><strong>, pero\u00a0<\/strong><strong>con trayectoria<\/strong><\/p>\n<p>Suele ocurrir que entre los nominados al Latin Grammy aparezcan nombres poco conocidos. Este a\u00f1o uno de ellos es el trompetista Ra\u00fal Agraz,\u00a0postulado\u00a0a Mejor \u00c1lbum de Jazz Latino por\u00a0<em>Between Brothers<\/em>, en el que participan percusionistas como Luisito y Roberto Quintero, adem\u00e1s del pianista Luis Perdomo.<\/p>\n<p>Form\u00f3 parte de los Ni\u00f1os Cantores de Villa de Cura y estudi\u00f3 en el conservatorio Jos\u00e9 Angel Lamas. Su nombre aparece en los cr\u00e9ditos de discos como\u00a0<em>De sol a sol\u00a0<\/em>de Yordano,\u00a0<em>Ra\u00edces\u00a0<\/em>de Soledad Bravo,\u00a0<em>Vuelve\u00a0<\/em>de Colina y\u00a0<em>Los Primera<\/em>\u00a0de Servando y Florentino. En 1996 se mud\u00f3 a Nueva York. Actualmente forma parte de la banda del musical\u00a0<em>The Book of Mormon<\/em>.<\/p>\n<p>Otro nombre no muy popular es Generasi\u00f3n, agrupaci\u00f3n marabina que ha publicado tres discos:\u00a0<em>M\u00e1s que palabras<\/em>\u00a0(2008),\u00a0<em>Yo<\/em>\u00a0<em>soy generasi\u00f3n<\/em>\u00a0(2012) y\u00a0<em>Ciudad de luz<\/em>\u00a0(2016). Por\u00a0este \u00faltimo compiten a Mejor \u00c1lbum Cristiano (en\u00a0espa\u00f1ol).<\/p>\n<p>Edith Pe\u00f1a es una pianista venezolana que vive en Madrid. Fue integrante de\u00a0la Orquesta Sinf\u00f3nica\u00a0de Venezuela y es hija de Israel Pe\u00f1a. Su disco\u00a0<em>Danzas en todos los tiempos<\/em>\u00a0podr\u00eda llevarse el premio a Mejor \u00c1lbum de M\u00fasica Cl\u00e1sica.<\/p>\n<p>Gustavo Casas es integrante de Wahala, pero este a\u00f1o present\u00f3 un disco en solitario,\u00a0<em>EPAmarillo<\/em>. Aqu\u00ed se encuentra el sencillo \u201cVerte ya\u201d, cuyo video dirigido por Adolfo Bueno compite\u00a0como\u00a0Mejor Video Musical Versi\u00f3n Corta. El valenciano Gabriel C aspira a ganar Mejor Canci\u00f3n Tropical por \u201cNo me daba cuenta\u201d.<\/p>\n","protected":false},"excerpt":{"rendered":"<p>Este a\u00f1o una de las sorpresas en las nominaciones al Latin Grammy fue la elecci\u00f3n de Jes\u00fas \u201cChino\u201d Miranda como uno de los competidores al galard\u00f3n. El cantante ha ganado el premio, pero como parte del d\u00fao Chino y Nacho. Esta vez figura por su trabajo en solitario en la banda sonora de la pel\u00edcula\u00a0El [&hellip;]<\/p>\n","protected":false},"author":13240,"featured_media":60082,"comment_status":"open","ping_status":"open","sticky":false,"template":"","format":"standard","meta":{"footnotes":""},"categories":[1,40,48],"tags":[],"class_list":["post-60080","post","type-post","status-publish","format-standard","has-post-thumbnail","hentry","category-entretenimiento","category-internacionales","category-venezuela"],"_links":{"self":[{"href":"https:\/\/2horizontes.com\/index.php?rest_route=\/wp\/v2\/posts\/60080","targetHints":{"allow":["GET"]}}],"collection":[{"href":"https:\/\/2horizontes.com\/index.php?rest_route=\/wp\/v2\/posts"}],"about":[{"href":"https:\/\/2horizontes.com\/index.php?rest_route=\/wp\/v2\/types\/post"}],"author":[{"embeddable":true,"href":"https:\/\/2horizontes.com\/index.php?rest_route=\/wp\/v2\/users\/13240"}],"replies":[{"embeddable":true,"href":"https:\/\/2horizontes.com\/index.php?rest_route=%2Fwp%2Fv2%2Fcomments&post=60080"}],"version-history":[{"count":1,"href":"https:\/\/2horizontes.com\/index.php?rest_route=\/wp\/v2\/posts\/60080\/revisions"}],"predecessor-version":[{"id":60083,"href":"https:\/\/2horizontes.com\/index.php?rest_route=\/wp\/v2\/posts\/60080\/revisions\/60083"}],"wp:featuredmedia":[{"embeddable":true,"href":"https:\/\/2horizontes.com\/index.php?rest_route=\/wp\/v2\/media\/60082"}],"wp:attachment":[{"href":"https:\/\/2horizontes.com\/index.php?rest_route=%2Fwp%2Fv2%2Fmedia&parent=60080"}],"wp:term":[{"taxonomy":"category","embeddable":true,"href":"https:\/\/2horizontes.com\/index.php?rest_route=%2Fwp%2Fv2%2Fcategories&post=60080"},{"taxonomy":"post_tag","embeddable":true,"href":"https:\/\/2horizontes.com\/index.php?rest_route=%2Fwp%2Fv2%2Ftags&post=60080"}],"curies":[{"name":"wp","href":"https:\/\/api.w.org\/{rel}","templated":true}]}}