{"id":60074,"date":"2016-11-17T17:07:22","date_gmt":"2016-11-17T16:07:22","guid":{"rendered":"http:\/\/2horizontes.com\/?p=60074"},"modified":"2016-11-17T17:07:22","modified_gmt":"2016-11-17T16:07:22","slug":"merkel-recibe-a-obama-en-la-cancilleria-en-su-ultima-visita-a-europa","status":"publish","type":"post","link":"https:\/\/2horizontes.com\/?p=60074","title":{"rendered":"Merkel recibe a Obama en la Canciller\u00eda en su \u00faltima visita a Europa"},"content":{"rendered":"<p>BERL\u00cdN. La canciller de Alemania, Angela Merkel, recibi\u00f3 hoy al presidente de Estados Unidos, Barack Obama, en la sede de la jefatura del Gobierno en Berl\u00edn, en la \u00faltima visita del mandatario norteamericano a Europa antes de abandonar la Casa Blanca.<\/p>\n<p>En su reuni\u00f3n, seg\u00fan inform\u00f3 el Ejecutivo alem\u00e1n, ambos analizar\u00e1n el estado de las relaciones con Rusia, la crisis de Ucrania, la guerra en Siria y la amenaza del terrorismo internacional.<\/p>\n<p>Las relaciones comerciales y el congelado acuerdo de libre comercio entre EEUU y la Uni\u00f3n Europea (TTIP por sus siglas en ingl\u00e9s) tambi\u00e9n ser\u00e1n objeto de un encuentro en el que, destac\u00f3 el Gobierno, se pondr\u00e1n en valor los esfuerzos realizados para reforzar las relaciones transatl\u00e1nticas.<\/p>\n<p>Se trata de la sexta visita de Obama como presidente a Berl\u00edn, donde lleg\u00f3 el mi\u00e9rcoles procedente de Atenas.<\/p>\n<p>Ya ese d\u00eda comparti\u00f3 una cena privada con Merkel en el hotel en el que se aloja, junto a la Puerta de Brandeburgo, y hoy almorz\u00f3 en la embajada estadounidense.<\/p>\n<p>La sombra del presidente electo de EEUU, Donald Trump, planea sobre su viaje y el semanario \u201cWirtschaftwoche\u201d de este mi\u00e9rcoles adelant\u00f3 extractos de un art\u00edculo que ha firmado junto a Merkel en el que defienden la importancia del TTIP y la lucha conjunta contra el cambio clim\u00e1tico, dos asuntos clave cuestionados por el republicano.<\/p>\n<p>Tras la reuni\u00f3n bilateral y despu\u00e9s de comparecer ante los medios de comunicaci\u00f3n, Merkel y Obama volver\u00e1n a cenar juntos, esta vez en la canciller\u00eda y junto a representantes destacados del mundo de la cultura, el deporte, la ciencia y la pol\u00edtica.<\/p>\n<p>Entre los invitados figuran, seg\u00fan avanz\u00f3 el popular diario \u201cBild\u201d, el director de orquesta argentino-israel\u00ed Daniel Barenboim, el director del Museo Jud\u00edo de Berl\u00edn, Michael Blumenthal, el seleccionador de f\u00fatbol de Estados Unidos, el alem\u00e1n J\u00fcrgen Klinsmann, y los astronautas Thomas Reiter y Alexander Gerst.<\/p>\n<p>Ma\u00f1ana se unir\u00e1n a ellos el presidente del Gobierno espa\u00f1ol, Mariano Rajoy, as\u00ed como los primeros ministros de Italia, Matteo Renzi, y Reino Unido, Theresa May, y el presidente franc\u00e9s, Fran\u00e7ois Hollande.<\/p>\n<p>Concluida esa cumbre, Obama dejar\u00e1 Berl\u00edn y Merkel ha invitado a almorzar a Rajoy, en su primer encuentro desde la investidura del presidente del Gobierno espa\u00f1ol.<\/p>\n","protected":false},"excerpt":{"rendered":"<p>BERL\u00cdN. La canciller de Alemania, Angela Merkel, recibi\u00f3 hoy al presidente de Estados Unidos, Barack Obama, en la sede de la jefatura del Gobierno en Berl\u00edn, en la \u00faltima visita del mandatario norteamericano a Europa antes de abandonar la Casa Blanca. En su reuni\u00f3n, seg\u00fan inform\u00f3 el Ejecutivo alem\u00e1n, ambos analizar\u00e1n el estado de las [&hellip;]<\/p>\n","protected":false},"author":13240,"featured_media":60077,"comment_status":"open","ping_status":"open","sticky":false,"template":"","format":"standard","meta":{"footnotes":""},"categories":[86,40,43],"tags":[],"class_list":["post-60074","post","type-post","status-publish","format-standard","has-post-thumbnail","hentry","category-europa","category-internacionales","category-politica"],"_links":{"self":[{"href":"https:\/\/2horizontes.com\/index.php?rest_route=\/wp\/v2\/posts\/60074","targetHints":{"allow":["GET"]}}],"collection":[{"href":"https:\/\/2horizontes.com\/index.php?rest_route=\/wp\/v2\/posts"}],"about":[{"href":"https:\/\/2horizontes.com\/index.php?rest_route=\/wp\/v2\/types\/post"}],"author":[{"embeddable":true,"href":"https:\/\/2horizontes.com\/index.php?rest_route=\/wp\/v2\/users\/13240"}],"replies":[{"embeddable":true,"href":"https:\/\/2horizontes.com\/index.php?rest_route=%2Fwp%2Fv2%2Fcomments&post=60074"}],"version-history":[{"count":1,"href":"https:\/\/2horizontes.com\/index.php?rest_route=\/wp\/v2\/posts\/60074\/revisions"}],"predecessor-version":[{"id":60079,"href":"https:\/\/2horizontes.com\/index.php?rest_route=\/wp\/v2\/posts\/60074\/revisions\/60079"}],"wp:featuredmedia":[{"embeddable":true,"href":"https:\/\/2horizontes.com\/index.php?rest_route=\/wp\/v2\/media\/60077"}],"wp:attachment":[{"href":"https:\/\/2horizontes.com\/index.php?rest_route=%2Fwp%2Fv2%2Fmedia&parent=60074"}],"wp:term":[{"taxonomy":"category","embeddable":true,"href":"https:\/\/2horizontes.com\/index.php?rest_route=%2Fwp%2Fv2%2Fcategories&post=60074"},{"taxonomy":"post_tag","embeddable":true,"href":"https:\/\/2horizontes.com\/index.php?rest_route=%2Fwp%2Fv2%2Ftags&post=60074"}],"curies":[{"name":"wp","href":"https:\/\/api.w.org\/{rel}","templated":true}]}}