{"id":5999,"date":"2015-05-06T16:57:26","date_gmt":"2015-05-06T15:57:26","guid":{"rendered":"http:\/\/2horizontes.com\/?p=5999"},"modified":"2015-05-06T16:57:26","modified_gmt":"2015-05-06T15:57:26","slug":"raul-castro-se-reune-con-el-primer-ministro-ruso","status":"publish","type":"post","link":"https:\/\/2horizontes.com\/?p=5999","title":{"rendered":"Ra\u00fal Castro se re\u00fane con el primer ministro ruso"},"content":{"rendered":"<div id=\"ArticleAuthorDiv\" class=\"article-body-author\"><b>EFE<\/b><\/div>\n<div id=\"ArticleSourceDiv\" class=\"article-body-author\"><b>Mosc\u00fa, Rusia<\/b><\/div>\n<div id=\"ArticleBody\">\n<p>El presidente cubano, Ra\u00fal Castro, se re\u00fane hoy con el primer ministro ruso, Dmitri Medv\u00e9dev, con el que abordar\u00e1 diversos asuntos de la cooperaci\u00f3n comercial y energ\u00e9tica.<\/p>\n<p>Seg\u00fan inform\u00f3 el Gobierno ruso, ambas partes tratar\u00e1n esta tarde \u00abla realizaci\u00f3n de proyectos conjuntos en los \u00e1mbitos de la energ\u00eda, el transporte, la sanidad y el sector farmac\u00e9utico\u00bb.<\/p>\n<p>Adem\u00e1s de reunirse con los dirigentes rusos, Castro asistir\u00e1 el 9 de mayo en la Plaza Roja al desfile militar con ocasi\u00f3n del 70 aniversario de la victoria sobre la Alemania nazi en la Segunda Guerra Mundial.<\/p>\n<p>El l\u00edder cubano, que viaj\u00f3 por \u00faltima vez Mosc\u00fa a 2009 tras 23 a\u00f1os de par\u00e9ntesis, visita este pa\u00eds tras el inicio a finales del pasado a\u00f1o del proceso de normalizaci\u00f3n de relaciones entre Cuba y Estados Unidos.<\/p>\n<p>El presidente ruso, Vlad\u00edmir Putin, quien visit\u00f3 la isla el pasado a\u00f1o, tambi\u00e9n recibir\u00e1 esta semana a su colega cubano en el Kremlin.<\/p>\n<p>Los expertos rusos consideran que el deshielo entre cubanos y norteamericanos no repercutir\u00e1 en las relaciones entre Rusia y Cuba, enfriadas notablemente tras la ca\u00edda de la Uni\u00f3n Sovi\u00e9tica en 1991, que dej\u00f3 a La Habana sin su principal patrocinador.<\/p>\n<p>\u00abLa asistencia de Castro a la parada demuestra que, pese a los intentos de EEUU de normalizar las relaciones con Cuba, la prioridad estrat\u00e9gica para La Habana sigue siendo Rusia\u00bb, asegur\u00f3 a Efe Leonid Ivashov, antiguo general sovi\u00e9tico y jefe de la Academia de Asuntos Geopol\u00edticos de Rusia.<\/p>\n<p>En su opini\u00f3n, Cuba \u00abes la plataforma\u00bb desde la que Rusia ampliar\u00e1 la cooperaci\u00f3n en Am\u00e9rica Latina, desde los pa\u00edses bolivarianos -Venezuela, Bolivia, Ecuador y Nicaragua- hasta Brasil o Argentina.<\/p>\n<p>Desde el inicio del deshielo entre Cuba y EEUU, Rusia ha intensificado los contactos con las autoridades de la isla para poner en pr\u00e1ctica los acuerdos alcanzados durante la \u00faltima visita de Putin a La Habana.<\/p>\n<p>Entonces, Putin calific\u00f3 de \u00abestrat\u00e9gicas\u00bb las relaciones entre los antiguos socios comunistas, aunque ha descartado en varias ocasiones la reapertura de una base militar rusa en la isla.<\/p>\n<\/div>\n","protected":false},"excerpt":{"rendered":"<p>EFE Mosc\u00fa, Rusia El presidente cubano, Ra\u00fal Castro, se re\u00fane hoy con el primer ministro ruso, Dmitri Medv\u00e9dev, con el que abordar\u00e1 diversos asuntos de la cooperaci\u00f3n comercial y energ\u00e9tica. Seg\u00fan inform\u00f3 el Gobierno ruso, ambas partes tratar\u00e1n esta tarde \u00abla realizaci\u00f3n de proyectos conjuntos en los \u00e1mbitos de la energ\u00eda, el transporte, la sanidad [&hellip;]<\/p>\n","protected":false},"author":7,"featured_media":6000,"comment_status":"open","ping_status":"open","sticky":false,"template":"","format":"standard","meta":{"footnotes":""},"categories":[49,40],"tags":[],"class_list":["post-5999","post","type-post","status-publish","format-standard","has-post-thumbnail","hentry","category-cuba","category-internacionales"],"_links":{"self":[{"href":"https:\/\/2horizontes.com\/index.php?rest_route=\/wp\/v2\/posts\/5999","targetHints":{"allow":["GET"]}}],"collection":[{"href":"https:\/\/2horizontes.com\/index.php?rest_route=\/wp\/v2\/posts"}],"about":[{"href":"https:\/\/2horizontes.com\/index.php?rest_route=\/wp\/v2\/types\/post"}],"author":[{"embeddable":true,"href":"https:\/\/2horizontes.com\/index.php?rest_route=\/wp\/v2\/users\/7"}],"replies":[{"embeddable":true,"href":"https:\/\/2horizontes.com\/index.php?rest_route=%2Fwp%2Fv2%2Fcomments&post=5999"}],"version-history":[{"count":1,"href":"https:\/\/2horizontes.com\/index.php?rest_route=\/wp\/v2\/posts\/5999\/revisions"}],"predecessor-version":[{"id":6001,"href":"https:\/\/2horizontes.com\/index.php?rest_route=\/wp\/v2\/posts\/5999\/revisions\/6001"}],"wp:featuredmedia":[{"embeddable":true,"href":"https:\/\/2horizontes.com\/index.php?rest_route=\/wp\/v2\/media\/6000"}],"wp:attachment":[{"href":"https:\/\/2horizontes.com\/index.php?rest_route=%2Fwp%2Fv2%2Fmedia&parent=5999"}],"wp:term":[{"taxonomy":"category","embeddable":true,"href":"https:\/\/2horizontes.com\/index.php?rest_route=%2Fwp%2Fv2%2Fcategories&post=5999"},{"taxonomy":"post_tag","embeddable":true,"href":"https:\/\/2horizontes.com\/index.php?rest_route=%2Fwp%2Fv2%2Ftags&post=5999"}],"curies":[{"name":"wp","href":"https:\/\/api.w.org\/{rel}","templated":true}]}}