{"id":59871,"date":"2016-11-10T14:12:09","date_gmt":"2016-11-10T13:12:09","guid":{"rendered":"http:\/\/2horizontes.com\/?p=59871"},"modified":"2016-11-10T14:12:09","modified_gmt":"2016-11-10T13:12:09","slug":"una-empresa-italiana-obliga-a-sus-empleados-a-ir-juntos-al-bano","status":"publish","type":"post","link":"https:\/\/2horizontes.com\/?p=59871","title":{"rendered":"Una empresa italiana obliga a sus empleados a ir juntos al ba\u00f1o"},"content":{"rendered":"<p>\u00bfC\u00f3mo te sentir\u00edas si la empresa donde trabajas marcara los momentos en los que puedes ir al ba\u00f1o? Y adem\u00e1s, \u00bfque fuera una visita grupal? Pues esto es lo que le ha sucedido a los empelados de la empresa italiana Oerlikon Graziano la cual les ha informado, a trav\u00e9s de un comunicado, que durante la jornada deber\u00e1n hacer las pausas fisiol\u00f3gicas en grupo. \u201cLas pausas fisiol\u00f3gicas individuales de los trabajadores empleados directa o indirectamente en la producci\u00f3n se convierten en colectivas\u201d, reza el comunicado que ha elevado a p\u00fablico La Repubblica .<\/p>\n<p>Seg\u00fan asegura el documento elaborado por la empresa, la curiosa norma se aplicar\u00e1 a partir del 14 de noviembre en sus sedes de Rivoli y Bari. \u201cLos trabajadores tendr\u00e1n acceso a restaurantes y zonas de fumadores durante los dos descansos, que recordamos que ser\u00e1n de nueve minutos cada uno\u201d.<\/p>\n","protected":false},"excerpt":{"rendered":"<p>\u00bfC\u00f3mo te sentir\u00edas si la empresa donde trabajas marcara los momentos en los que puedes ir al ba\u00f1o? Y adem\u00e1s, \u00bfque fuera una visita grupal? Pues esto es lo que le ha sucedido a los empelados de la empresa italiana Oerlikon Graziano la cual les ha informado, a trav\u00e9s de un comunicado, que durante la [&hellip;]<\/p>\n","protected":false},"author":3,"featured_media":59872,"comment_status":"open","ping_status":"open","sticky":false,"template":"","format":"standard","meta":{"footnotes":""},"categories":[40],"tags":[],"class_list":["post-59871","post","type-post","status-publish","format-standard","has-post-thumbnail","hentry","category-internacionales"],"_links":{"self":[{"href":"https:\/\/2horizontes.com\/index.php?rest_route=\/wp\/v2\/posts\/59871","targetHints":{"allow":["GET"]}}],"collection":[{"href":"https:\/\/2horizontes.com\/index.php?rest_route=\/wp\/v2\/posts"}],"about":[{"href":"https:\/\/2horizontes.com\/index.php?rest_route=\/wp\/v2\/types\/post"}],"author":[{"embeddable":true,"href":"https:\/\/2horizontes.com\/index.php?rest_route=\/wp\/v2\/users\/3"}],"replies":[{"embeddable":true,"href":"https:\/\/2horizontes.com\/index.php?rest_route=%2Fwp%2Fv2%2Fcomments&post=59871"}],"version-history":[{"count":1,"href":"https:\/\/2horizontes.com\/index.php?rest_route=\/wp\/v2\/posts\/59871\/revisions"}],"predecessor-version":[{"id":59873,"href":"https:\/\/2horizontes.com\/index.php?rest_route=\/wp\/v2\/posts\/59871\/revisions\/59873"}],"wp:featuredmedia":[{"embeddable":true,"href":"https:\/\/2horizontes.com\/index.php?rest_route=\/wp\/v2\/media\/59872"}],"wp:attachment":[{"href":"https:\/\/2horizontes.com\/index.php?rest_route=%2Fwp%2Fv2%2Fmedia&parent=59871"}],"wp:term":[{"taxonomy":"category","embeddable":true,"href":"https:\/\/2horizontes.com\/index.php?rest_route=%2Fwp%2Fv2%2Fcategories&post=59871"},{"taxonomy":"post_tag","embeddable":true,"href":"https:\/\/2horizontes.com\/index.php?rest_route=%2Fwp%2Fv2%2Ftags&post=59871"}],"curies":[{"name":"wp","href":"https:\/\/api.w.org\/{rel}","templated":true}]}}