{"id":59856,"date":"2016-11-10T13:39:53","date_gmt":"2016-11-10T12:39:53","guid":{"rendered":"http:\/\/2horizontes.com\/?p=59856"},"modified":"2016-11-10T13:39:53","modified_gmt":"2016-11-10T12:39:53","slug":"barack-obama-y-donald-trump-se-reunen-en-la-casa-blanca","status":"publish","type":"post","link":"https:\/\/2horizontes.com\/?p=59856","title":{"rendered":"Barack Obama y Donald Trump se re\u00fanen en la Casa Blanca"},"content":{"rendered":"<p>El presidente electo de los Estados Unidos, Donald Trump, se reunir\u00e1 hoy en la Casa Blanca con el presidente saliente, Barack Obama, un d\u00eda despu\u00e9s de imponerse con holgura ante la dem\u00f3crata Hillary Clinton. Ser\u00e1 un encuentro tenso -a pesar de que el mandatario republicano ha prometido una transici\u00f3n pac\u00edfica- ya que ambos han mantenido enfrentamientos desde hace a\u00f1os, que se han acentuado durante la campa\u00f1a electoral.<\/p>\n<p>En sus primeras palabras tras la derrota del partido dem\u00f3crata, Obama garantiz\u00f3 una transici\u00f3n tranquila de poder a su sucesor pese a las \u201csignificativas diferencias\u201d que los separan. \u201cOcho a\u00f1os atr\u00e1s, tambi\u00e9n el presidente (George W.) Bush y yo ten\u00edamos diferencias y su equipo no pudo ser m\u00e1s profesional\u201d, dijo en la Casa Blanca.Ese ser\u00e1 el ejemplo que siga, asegur\u00f3 Obama, con el vicepresidente Joe Biden a su lado.<\/p>\n<p>Trump acudir\u00e1 a la Casa Blanca a invitaci\u00f3n del propio Obama para hablar del traspaso, que ser\u00e1 en enero. Ambos conversaron durante la madrugada del mi\u00e9rcoles, cuando el mandatario llam\u00f3 al presidente electo para felicitarle por la victoria. \u201cTodos estamos ya apoyando su \u00e9xito en unir y liderar el pa\u00eds\u201d, manifest\u00f3 Obama en el jard\u00edn de la Casa Blanca.<\/p>\n<p>El a\u00fan presidente de Estados Unidos compareci\u00f3 ante la prensa delante del Despacho Oval poco despu\u00e9s de que, en Nueva York, la dem\u00f3crata Hillary Clinton admitiera su derrota ante sus seguidores y llamara a todos a apoyar al presidente electo. \u201cNo somos dem\u00f3cratas antes que nada. No somos republicanos antes que nada. Somos americanos antes que nada. Todos queremos lo mejor para este pa\u00eds\u201d, dijo Obama.<\/p>\n","protected":false},"excerpt":{"rendered":"<p>El presidente electo de los Estados Unidos, Donald Trump, se reunir\u00e1 hoy en la Casa Blanca con el presidente saliente, Barack Obama, un d\u00eda despu\u00e9s de imponerse con holgura ante la dem\u00f3crata Hillary Clinton. Ser\u00e1 un encuentro tenso -a pesar de que el mandatario republicano ha prometido una transici\u00f3n pac\u00edfica- ya que ambos han mantenido [&hellip;]<\/p>\n","protected":false},"author":3,"featured_media":59857,"comment_status":"open","ping_status":"open","sticky":false,"template":"","format":"standard","meta":{"footnotes":""},"categories":[40,43],"tags":[],"class_list":["post-59856","post","type-post","status-publish","format-standard","has-post-thumbnail","hentry","category-internacionales","category-politica"],"_links":{"self":[{"href":"https:\/\/2horizontes.com\/index.php?rest_route=\/wp\/v2\/posts\/59856","targetHints":{"allow":["GET"]}}],"collection":[{"href":"https:\/\/2horizontes.com\/index.php?rest_route=\/wp\/v2\/posts"}],"about":[{"href":"https:\/\/2horizontes.com\/index.php?rest_route=\/wp\/v2\/types\/post"}],"author":[{"embeddable":true,"href":"https:\/\/2horizontes.com\/index.php?rest_route=\/wp\/v2\/users\/3"}],"replies":[{"embeddable":true,"href":"https:\/\/2horizontes.com\/index.php?rest_route=%2Fwp%2Fv2%2Fcomments&post=59856"}],"version-history":[{"count":1,"href":"https:\/\/2horizontes.com\/index.php?rest_route=\/wp\/v2\/posts\/59856\/revisions"}],"predecessor-version":[{"id":59858,"href":"https:\/\/2horizontes.com\/index.php?rest_route=\/wp\/v2\/posts\/59856\/revisions\/59858"}],"wp:featuredmedia":[{"embeddable":true,"href":"https:\/\/2horizontes.com\/index.php?rest_route=\/wp\/v2\/media\/59857"}],"wp:attachment":[{"href":"https:\/\/2horizontes.com\/index.php?rest_route=%2Fwp%2Fv2%2Fmedia&parent=59856"}],"wp:term":[{"taxonomy":"category","embeddable":true,"href":"https:\/\/2horizontes.com\/index.php?rest_route=%2Fwp%2Fv2%2Fcategories&post=59856"},{"taxonomy":"post_tag","embeddable":true,"href":"https:\/\/2horizontes.com\/index.php?rest_route=%2Fwp%2Fv2%2Ftags&post=59856"}],"curies":[{"name":"wp","href":"https:\/\/api.w.org\/{rel}","templated":true}]}}