{"id":59833,"date":"2016-11-09T16:26:13","date_gmt":"2016-11-09T15:26:13","guid":{"rendered":"http:\/\/2horizontes.com\/?p=59833"},"modified":"2016-11-09T16:26:13","modified_gmt":"2016-11-09T15:26:13","slug":"fallecen-dos-ancianas-madre-e-hija-de-103-y-82-anos-en-un-incendio-en-sevilla","status":"publish","type":"post","link":"https:\/\/2horizontes.com\/?p=59833","title":{"rendered":"Fallecen dos ancianas, madre e hija de 103 y 82 a\u00f1os, en un incendio en Sevilla"},"content":{"rendered":"<p>Dos mujeres de avanzada edad, madre e hija, de 103 y 80 a\u00f1os respectivamente, han fallecido la noche de este lunes tras registrarse un incendio como consecuencia de la inhalaci\u00f3n de humo en una vivienda del barrio de Los Remedios en Sevilla. El incendio se origin\u00f3 por causas que est\u00e1n siendo investigadas sobre las 22.00 horas en una vivienda situada en la primera planta de un bloque de pisos de ocho alturas de la calle Virgen de la Antigua.<\/p>\n<p>Hasta el lugar del incidente se han trasladado cinco veh\u00edculos de emergencias, entre los que se encontraba una ambulancia de EPES, dos bombas urbanas ligeras, una escala y veh\u00edculo de mando que han actuado sobre el edificio afectado y han evacuado a los ocupantes. Una hora despu\u00e9s y a pesar de su aparatosidad, el incendio fue controlado.<\/p>\n<p>La investigaci\u00f3n policial abierta tratar\u00e1 de esclarecer las causas que han provocado el incendio, mientras que se ha coordinado una intervenci\u00f3n con servicios sociales para atender al resto de vecinos afectados. Seg\u00fan un portavoz de la Polic\u00eda Local de Sevilla, el fuego \u201cpresumiblemente\u201d se origin\u00f3 en el sal\u00f3n y se propag\u00f3 \u201cmuy r\u00e1pidamente\u201d. Tambi\u00e9n ha apuntado que una de las principales hip\u00f3tesis atribuye la causa del incendio a \u201calg\u00fan medio de calefacci\u00f3n\u201d.<\/p>\n<p>\u201cL\u00f3gicamente las personas tienen una edad muy avanzada y quiz\u00e1s no les dio tiempo a reaccionar lo suficientemente r\u00e1pido\u201d, han explicado las mismas fuentes, y han agregado que \u201cuna de las mujeres se encontraba en la \u00faltima habitaci\u00f3n al fondo del pasillo, por lo que dif\u00edcilmente pudo salir debido a la primera bocanada de humo\u201d.<\/p>\n","protected":false},"excerpt":{"rendered":"<p>Dos mujeres de avanzada edad, madre e hija, de 103 y 80 a\u00f1os respectivamente, han fallecido la noche de este lunes tras registrarse un incendio como consecuencia de la inhalaci\u00f3n de humo en una vivienda del barrio de Los Remedios en Sevilla. El incendio se origin\u00f3 por causas que est\u00e1n siendo investigadas sobre las 22.00 [&hellip;]<\/p>\n","protected":false},"author":3,"featured_media":59834,"comment_status":"open","ping_status":"open","sticky":false,"template":"","format":"standard","meta":{"footnotes":""},"categories":[85],"tags":[],"class_list":["post-59833","post","type-post","status-publish","format-standard","has-post-thumbnail","hentry","category-espana"],"_links":{"self":[{"href":"https:\/\/2horizontes.com\/index.php?rest_route=\/wp\/v2\/posts\/59833","targetHints":{"allow":["GET"]}}],"collection":[{"href":"https:\/\/2horizontes.com\/index.php?rest_route=\/wp\/v2\/posts"}],"about":[{"href":"https:\/\/2horizontes.com\/index.php?rest_route=\/wp\/v2\/types\/post"}],"author":[{"embeddable":true,"href":"https:\/\/2horizontes.com\/index.php?rest_route=\/wp\/v2\/users\/3"}],"replies":[{"embeddable":true,"href":"https:\/\/2horizontes.com\/index.php?rest_route=%2Fwp%2Fv2%2Fcomments&post=59833"}],"version-history":[{"count":1,"href":"https:\/\/2horizontes.com\/index.php?rest_route=\/wp\/v2\/posts\/59833\/revisions"}],"predecessor-version":[{"id":59835,"href":"https:\/\/2horizontes.com\/index.php?rest_route=\/wp\/v2\/posts\/59833\/revisions\/59835"}],"wp:featuredmedia":[{"embeddable":true,"href":"https:\/\/2horizontes.com\/index.php?rest_route=\/wp\/v2\/media\/59834"}],"wp:attachment":[{"href":"https:\/\/2horizontes.com\/index.php?rest_route=%2Fwp%2Fv2%2Fmedia&parent=59833"}],"wp:term":[{"taxonomy":"category","embeddable":true,"href":"https:\/\/2horizontes.com\/index.php?rest_route=%2Fwp%2Fv2%2Fcategories&post=59833"},{"taxonomy":"post_tag","embeddable":true,"href":"https:\/\/2horizontes.com\/index.php?rest_route=%2Fwp%2Fv2%2Ftags&post=59833"}],"curies":[{"name":"wp","href":"https:\/\/api.w.org\/{rel}","templated":true}]}}