{"id":59778,"date":"2016-11-08T18:48:24","date_gmt":"2016-11-08T17:48:24","guid":{"rendered":"http:\/\/2horizontes.com\/?p=59778"},"modified":"2016-11-08T18:48:24","modified_gmt":"2016-11-08T17:48:24","slug":"la-ue-acuerda-los-criterios-para-crear-su-lista-negra-de-paraisos-fiscales","status":"publish","type":"post","link":"https:\/\/2horizontes.com\/?p=59778","title":{"rendered":"La UE acuerda los criterios para crear su \u00ablista negra\u00bb de para\u00edsos fiscales"},"content":{"rendered":"<p>Los ministros de Econom\u00eda y Finanzas de la Uni\u00f3n Europea (UE) han llegado hoy a un acuerdo sobre los criterios para determinar qu\u00e9 pa\u00edses deben entrar en su \u00ablista negra\u00bb de para\u00edsos fiscales, que esperan tener preparada para finales de 2017.<\/p>\n<p>\u00abNuestro objetivo es luchar contra la evasi\u00f3n fiscal y hoy hemos marcado un hito\u00bb, dijo el ministro de Finanzas de Eslovaquia, que ostenta la presidencia de turno de la UE, Peter Kazimir, al t\u00e9rmino del consejo de ministros de Econom\u00eda y Finanzas comunitarios celebrada hoy en Bruselas.<\/p>\n","protected":false},"excerpt":{"rendered":"<p>Los ministros de Econom\u00eda y Finanzas de la Uni\u00f3n Europea (UE) han llegado hoy a un acuerdo sobre los criterios para determinar qu\u00e9 pa\u00edses deben entrar en su \u00ablista negra\u00bb de para\u00edsos fiscales, que esperan tener preparada para finales de 2017. \u00abNuestro objetivo es luchar contra la evasi\u00f3n fiscal y hoy hemos marcado un hito\u00bb, [&hellip;]<\/p>\n","protected":false},"author":13240,"featured_media":59779,"comment_status":"open","ping_status":"open","sticky":false,"template":"","format":"standard","meta":{"footnotes":""},"categories":[63,86,40],"tags":[],"class_list":["post-59778","post","type-post","status-publish","format-standard","has-post-thumbnail","hentry","category-economia","category-europa","category-internacionales"],"_links":{"self":[{"href":"https:\/\/2horizontes.com\/index.php?rest_route=\/wp\/v2\/posts\/59778","targetHints":{"allow":["GET"]}}],"collection":[{"href":"https:\/\/2horizontes.com\/index.php?rest_route=\/wp\/v2\/posts"}],"about":[{"href":"https:\/\/2horizontes.com\/index.php?rest_route=\/wp\/v2\/types\/post"}],"author":[{"embeddable":true,"href":"https:\/\/2horizontes.com\/index.php?rest_route=\/wp\/v2\/users\/13240"}],"replies":[{"embeddable":true,"href":"https:\/\/2horizontes.com\/index.php?rest_route=%2Fwp%2Fv2%2Fcomments&post=59778"}],"version-history":[{"count":2,"href":"https:\/\/2horizontes.com\/index.php?rest_route=\/wp\/v2\/posts\/59778\/revisions"}],"predecessor-version":[{"id":59781,"href":"https:\/\/2horizontes.com\/index.php?rest_route=\/wp\/v2\/posts\/59778\/revisions\/59781"}],"wp:featuredmedia":[{"embeddable":true,"href":"https:\/\/2horizontes.com\/index.php?rest_route=\/wp\/v2\/media\/59779"}],"wp:attachment":[{"href":"https:\/\/2horizontes.com\/index.php?rest_route=%2Fwp%2Fv2%2Fmedia&parent=59778"}],"wp:term":[{"taxonomy":"category","embeddable":true,"href":"https:\/\/2horizontes.com\/index.php?rest_route=%2Fwp%2Fv2%2Fcategories&post=59778"},{"taxonomy":"post_tag","embeddable":true,"href":"https:\/\/2horizontes.com\/index.php?rest_route=%2Fwp%2Fv2%2Ftags&post=59778"}],"curies":[{"name":"wp","href":"https:\/\/api.w.org\/{rel}","templated":true}]}}