{"id":59766,"date":"2016-11-08T18:25:52","date_gmt":"2016-11-08T17:25:52","guid":{"rendered":"http:\/\/2horizontes.com\/?p=59766"},"modified":"2016-11-08T18:25:52","modified_gmt":"2016-11-08T17:25:52","slug":"desertor-descarta-que-el-colapso-del-regimen-norcoreano-suponga-la-unificacion","status":"publish","type":"post","link":"https:\/\/2horizontes.com\/?p=59766","title":{"rendered":"Desertor descarta que el colapso del r\u00e9gimen norcoreano suponga la unificaci\u00f3n"},"content":{"rendered":"<p>El colapso del r\u00e9gimen de Corea del Norte \u00abno significar\u00eda autom\u00e1ticamente la reunificaci\u00f3n\u00bb, opin\u00f3 hoy el desertor Lee Gie-myung, que precisa que \u00abhay gente dentro del sistema capaz de asumir el poder\u00bb.<\/p>\n<p>El disidente, de 63 a\u00f1os y presidente del Centro PEN de los Escritores Norcoreanos en el Exilio, afirma en una entrevista con Efe que esa eventualidad supondr\u00eda solo \u00abempezar un camino posible\u00bb.<\/p>\n","protected":false},"excerpt":{"rendered":"<p>El colapso del r\u00e9gimen de Corea del Norte \u00abno significar\u00eda autom\u00e1ticamente la reunificaci\u00f3n\u00bb, opin\u00f3 hoy el desertor Lee Gie-myung, que precisa que \u00abhay gente dentro del sistema capaz de asumir el poder\u00bb. El disidente, de 63 a\u00f1os y presidente del Centro PEN de los Escritores Norcoreanos en el Exilio, afirma en una entrevista con Efe [&hellip;]<\/p>\n","protected":false},"author":13240,"featured_media":59768,"comment_status":"open","ping_status":"open","sticky":false,"template":"","format":"standard","meta":{"footnotes":""},"categories":[40,84,43],"tags":[],"class_list":["post-59766","post","type-post","status-publish","format-standard","has-post-thumbnail","hentry","category-internacionales","category-otras-noticias","category-politica"],"_links":{"self":[{"href":"https:\/\/2horizontes.com\/index.php?rest_route=\/wp\/v2\/posts\/59766","targetHints":{"allow":["GET"]}}],"collection":[{"href":"https:\/\/2horizontes.com\/index.php?rest_route=\/wp\/v2\/posts"}],"about":[{"href":"https:\/\/2horizontes.com\/index.php?rest_route=\/wp\/v2\/types\/post"}],"author":[{"embeddable":true,"href":"https:\/\/2horizontes.com\/index.php?rest_route=\/wp\/v2\/users\/13240"}],"replies":[{"embeddable":true,"href":"https:\/\/2horizontes.com\/index.php?rest_route=%2Fwp%2Fv2%2Fcomments&post=59766"}],"version-history":[{"count":1,"href":"https:\/\/2horizontes.com\/index.php?rest_route=\/wp\/v2\/posts\/59766\/revisions"}],"predecessor-version":[{"id":59769,"href":"https:\/\/2horizontes.com\/index.php?rest_route=\/wp\/v2\/posts\/59766\/revisions\/59769"}],"wp:featuredmedia":[{"embeddable":true,"href":"https:\/\/2horizontes.com\/index.php?rest_route=\/wp\/v2\/media\/59768"}],"wp:attachment":[{"href":"https:\/\/2horizontes.com\/index.php?rest_route=%2Fwp%2Fv2%2Fmedia&parent=59766"}],"wp:term":[{"taxonomy":"category","embeddable":true,"href":"https:\/\/2horizontes.com\/index.php?rest_route=%2Fwp%2Fv2%2Fcategories&post=59766"},{"taxonomy":"post_tag","embeddable":true,"href":"https:\/\/2horizontes.com\/index.php?rest_route=%2Fwp%2Fv2%2Ftags&post=59766"}],"curies":[{"name":"wp","href":"https:\/\/api.w.org\/{rel}","templated":true}]}}