{"id":59726,"date":"2016-11-07T16:45:40","date_gmt":"2016-11-07T15:45:40","guid":{"rendered":"http:\/\/2horizontes.com\/?p=59726"},"modified":"2016-11-07T16:45:40","modified_gmt":"2016-11-07T15:45:40","slug":"condenan-a-prision-a-un-politico-aleman-por-un-tatuaje-nazi","status":"publish","type":"post","link":"https:\/\/2horizontes.com\/?p=59726","title":{"rendered":"Condenan a prisi\u00f3n a un pol\u00edtico alem\u00e1n por un tatuaje nazi"},"content":{"rendered":"<p>Un pol\u00edtico alem\u00e1n de 28 a\u00f1os del ultraderechista Partido Nacional Democr\u00e1tico (NPD) fue condenado este lunes en segunda instancia por la Audiencia de Neuruppin (este de Alemania) a ocho meses de c\u00e1rcel\u00a0por llevar un tatuaje con simbolog\u00eda nazi.<\/p>\n<p>El tribunal encontr\u00f3 culpable a Marcel Zech de un delito de odio tras haber mostrado en una piscina p\u00fablica un tatuaje -que le cubre gran parte de la espalda- en el que se ven las ruinas del campo de concentraci\u00f3n de Auschwitz y, sobre la puerta de entrada, el famoso lema <em>Jedem das Seine<\/em> (A cada uno lo suyo).<\/p>\n<p>Esta segunda condena es m\u00e1s elevada que la que recibi\u00f3 el pol\u00edtico del NPD el pasado diciembre,\u00a0cuando el tribunal de primera instancia de Oranienburg le conden\u00f3 a seis meses de libertad vigilada.<\/p>\n<p>Entonces, tanto la defensa como la Fiscal\u00eda estatal apelaron la sentencia y en segunda instancia el juez se ha inclinado por las tesis de la acusaci\u00f3n p\u00fablica, que sostiene que el acusado lleva el tatuaje por un profundo convencimiento pol\u00edtico.<\/p>\n<p>La historia sali\u00f3 a la luz porque un periodista vio el tatuaje el pasado 21 de noviembre en una piscina p\u00fablica en Oranienburg\u00a0y le pareci\u00f3 tan extraordinario que le sac\u00f3 una foto y la public\u00f3 en Facebook, seg\u00fan indic\u00f3 ante el tribunal al comparecer como testigo.<\/p>\n","protected":false},"excerpt":{"rendered":"<p>Un pol\u00edtico alem\u00e1n de 28 a\u00f1os del ultraderechista Partido Nacional Democr\u00e1tico (NPD) fue condenado este lunes en segunda instancia por la Audiencia de Neuruppin (este de Alemania) a ocho meses de c\u00e1rcel\u00a0por llevar un tatuaje con simbolog\u00eda nazi. El tribunal encontr\u00f3 culpable a Marcel Zech de un delito de odio tras haber mostrado en una [&hellip;]<\/p>\n","protected":false},"author":13240,"featured_media":59727,"comment_status":"open","ping_status":"open","sticky":false,"template":"","format":"standard","meta":{"footnotes":""},"categories":[86,40,43],"tags":[],"class_list":["post-59726","post","type-post","status-publish","format-standard","has-post-thumbnail","hentry","category-europa","category-internacionales","category-politica"],"_links":{"self":[{"href":"https:\/\/2horizontes.com\/index.php?rest_route=\/wp\/v2\/posts\/59726","targetHints":{"allow":["GET"]}}],"collection":[{"href":"https:\/\/2horizontes.com\/index.php?rest_route=\/wp\/v2\/posts"}],"about":[{"href":"https:\/\/2horizontes.com\/index.php?rest_route=\/wp\/v2\/types\/post"}],"author":[{"embeddable":true,"href":"https:\/\/2horizontes.com\/index.php?rest_route=\/wp\/v2\/users\/13240"}],"replies":[{"embeddable":true,"href":"https:\/\/2horizontes.com\/index.php?rest_route=%2Fwp%2Fv2%2Fcomments&post=59726"}],"version-history":[{"count":1,"href":"https:\/\/2horizontes.com\/index.php?rest_route=\/wp\/v2\/posts\/59726\/revisions"}],"predecessor-version":[{"id":59728,"href":"https:\/\/2horizontes.com\/index.php?rest_route=\/wp\/v2\/posts\/59726\/revisions\/59728"}],"wp:featuredmedia":[{"embeddable":true,"href":"https:\/\/2horizontes.com\/index.php?rest_route=\/wp\/v2\/media\/59727"}],"wp:attachment":[{"href":"https:\/\/2horizontes.com\/index.php?rest_route=%2Fwp%2Fv2%2Fmedia&parent=59726"}],"wp:term":[{"taxonomy":"category","embeddable":true,"href":"https:\/\/2horizontes.com\/index.php?rest_route=%2Fwp%2Fv2%2Fcategories&post=59726"},{"taxonomy":"post_tag","embeddable":true,"href":"https:\/\/2horizontes.com\/index.php?rest_route=%2Fwp%2Fv2%2Ftags&post=59726"}],"curies":[{"name":"wp","href":"https:\/\/api.w.org\/{rel}","templated":true}]}}