{"id":59688,"date":"2016-11-07T11:13:02","date_gmt":"2016-11-07T10:13:02","guid":{"rendered":"http:\/\/2horizontes.com\/?p=59688"},"modified":"2016-11-07T11:13:02","modified_gmt":"2016-11-07T10:13:02","slug":"madrid-instruye-a-3-600-profesores-para-prevenir-acoso-escolar","status":"publish","type":"post","link":"https:\/\/2horizontes.com\/?p=59688","title":{"rendered":"Madrid instruye a 3.600 profesores para prevenir acoso escolar"},"content":{"rendered":"<p>El consejero de Educaci\u00f3n de la Comunidad de Madrid, Rafael van Grieken, ha explicado que 3.600 profesores se han inscrito para participar en un curso formativo online para mejorar la convivencia escolar y ha agregado que este mes ser\u00e1 \u201cintensivo\u201d en actividades para combatir y evitar el acoso escolar.<\/p>\n<p>Van Grieken ha indicado que la mejora de la convivencia escolar en los centros educativos es una de las prioridades de la Comunidad de Madrid y por ello est\u00e1 haciendo un \u201cesfuerzo notable\u201d en esta materia, como revela el informe sobre el acoso escolar que ha impulsado el Gobierno regional, el \u201cmayor estudio\u201d que se ha realizado en Espa\u00f1a sobre la materia.<\/p>\n<p>A su vez, ha recalcado que se realiza una campa\u00f1a de sensibilizaci\u00f3n y que se han introducido cambios en el protocolo contra el acoso escolar y en la gu\u00eda de convivencia escolar, unido al \u201cesfuerzo important\u00edsimo\u201d que despliega la Consejer\u00eda en formaci\u00f3n de profesorado.<\/p>\n<p>As\u00ed, Van Grieken ha explicado que este lunes arranca un curso formativo online, que se desarrollar\u00e1 hasta mediados de diciembre, y para el que se abri\u00f3 un plazo de 10 d\u00edas y en el que se apuntaron 3.600 docentes. El a\u00f1o pasado, la cifra a lo largo del curso fue de 3.000 profesores, si bien la mayor\u00eda acudieron a actividades formativas presenciales.<\/p>\n<p>El consejero de Educaci\u00f3n ha asegurado que este n\u00famero de docentes inscritos \u201cimplicaci\u00f3n del profesorado\u201d en materia de mejora de convivencia escolar y lucha contra el acoso, pues su \u201csensibilizaci\u00f3n\u201d para atajar este fen\u00f3meno se refleja en su b\u00fasqueda de mayor formaci\u00f3n de cara a propiciar un buen clima escolar.<\/p>\n<p>A su vez, ha explicado que noviembre va a ser un mes \u201cintensivo\u201d en actividades para enfatizar la importancia de denunciar y alertar sobre posibles situaciones de acoso, con talleres espec\u00edficos, actividades deportivas y oferta de ocio teatral vinculadas a la problem\u00e1tica del acoso.<\/p>\n","protected":false},"excerpt":{"rendered":"<p>El consejero de Educaci\u00f3n de la Comunidad de Madrid, Rafael van Grieken, ha explicado que 3.600 profesores se han inscrito para participar en un curso formativo online para mejorar la convivencia escolar y ha agregado que este mes ser\u00e1 \u201cintensivo\u201d en actividades para combatir y evitar el acoso escolar. Van Grieken ha indicado que la [&hellip;]<\/p>\n","protected":false},"author":3,"featured_media":59689,"comment_status":"open","ping_status":"open","sticky":false,"template":"","format":"standard","meta":{"footnotes":""},"categories":[85],"tags":[],"class_list":["post-59688","post","type-post","status-publish","format-standard","has-post-thumbnail","hentry","category-espana"],"_links":{"self":[{"href":"https:\/\/2horizontes.com\/index.php?rest_route=\/wp\/v2\/posts\/59688","targetHints":{"allow":["GET"]}}],"collection":[{"href":"https:\/\/2horizontes.com\/index.php?rest_route=\/wp\/v2\/posts"}],"about":[{"href":"https:\/\/2horizontes.com\/index.php?rest_route=\/wp\/v2\/types\/post"}],"author":[{"embeddable":true,"href":"https:\/\/2horizontes.com\/index.php?rest_route=\/wp\/v2\/users\/3"}],"replies":[{"embeddable":true,"href":"https:\/\/2horizontes.com\/index.php?rest_route=%2Fwp%2Fv2%2Fcomments&post=59688"}],"version-history":[{"count":1,"href":"https:\/\/2horizontes.com\/index.php?rest_route=\/wp\/v2\/posts\/59688\/revisions"}],"predecessor-version":[{"id":59690,"href":"https:\/\/2horizontes.com\/index.php?rest_route=\/wp\/v2\/posts\/59688\/revisions\/59690"}],"wp:featuredmedia":[{"embeddable":true,"href":"https:\/\/2horizontes.com\/index.php?rest_route=\/wp\/v2\/media\/59689"}],"wp:attachment":[{"href":"https:\/\/2horizontes.com\/index.php?rest_route=%2Fwp%2Fv2%2Fmedia&parent=59688"}],"wp:term":[{"taxonomy":"category","embeddable":true,"href":"https:\/\/2horizontes.com\/index.php?rest_route=%2Fwp%2Fv2%2Fcategories&post=59688"},{"taxonomy":"post_tag","embeddable":true,"href":"https:\/\/2horizontes.com\/index.php?rest_route=%2Fwp%2Fv2%2Ftags&post=59688"}],"curies":[{"name":"wp","href":"https:\/\/api.w.org\/{rel}","templated":true}]}}