{"id":5968,"date":"2015-05-06T15:43:26","date_gmt":"2015-05-06T14:43:26","guid":{"rendered":"http:\/\/2horizontes.com\/?p=5968"},"modified":"2015-05-06T15:43:26","modified_gmt":"2015-05-06T14:43:26","slug":"los-colegios-catalanes-eluden-el-castellano","status":"publish","type":"post","link":"https:\/\/2horizontes.com\/?p=5968","title":{"rendered":"Los colegios catalanes eluden el castellano"},"content":{"rendered":"<p>La Abogac\u00eda del Estado ha presentado un recurso contencioso administrativo ante el Tribunal Superior de Justicia de Catalu\u00f1a (TSJC) contra la resoluci\u00f3n de la Generalitat catalana que regula las normas de preinscripci\u00f3n y matr\u00edcula de alumnos en centros catalanes para el curso 2015-2016. En el recurso, presentado a instancia del Ministerio de Educaci\u00f3n, el Gobierno solicita como medida cautelar la apertura de un nuevo plazo en el que las familias \u00abpuedan por cualquier medio elegir el castellano como lengua vehicular en la ense\u00f1anza de sus hijos\u00bb, ha se\u00f1alado la secretaria de Estado de Educaci\u00f3n, Montserrat Gomendio.<\/p>\n<p><!--more--><\/p>\n<p>La n\u00famero dos del Ministerio ha precisado a trav\u00e9s de un videocomunicado que el problema ha surgido porque \u00abun a\u00f1o m\u00e1s\u00bb el formulario de inscripci\u00f3n no contempla una casilla donde las familias puedan elegir el castellano como lengua vehicular. Adem\u00e1s, \u00aba aquellos alumnos que manifiestan que su lengua materna es el castellano, se les indica que recibir\u00e1n atenci\u00f3n individualizada\u00bb, lo que, seg\u00fan Gomendio, va en contra de la normativa vigente.<\/p>\n<p>El objetivo del recurso, que ha sido admitido a tr\u00e1mite por la secci\u00f3n quinta de la sala de lo contencioso administrativo del TSJC, es que la Generalitat, en el ejercicio de sus competencias, incorpore en su oferta y planificaci\u00f3n educativa el uso del castellano como lengua vehicular en una \u00abproporci\u00f3n razonable\u00bb.<\/p>\n<p>Seg\u00fan la secretaria de Estado, el sistema catal\u00e1n de inmersi\u00f3n ling\u00fc\u00edstica \u00aben s\u00ed mismo no plantea ning\u00fan problema, pero se ha llevado al extremo\u00bb, por lo que \u00absolamente la lengua castellana se imparte en castellano\u00bb, con lo que se le da un tratamiento equivalente al de la lengua extranjera. \u00abEsto no supone respetar el derecho de las familias a elegir el castellano como lengua vehicular\u00bb, ha subrayado.<\/p>\n<p>Para su solicitud, el Gobierno se basa en una sentencia del TSJC que define como \u00abproporci\u00f3n razonable\u00bb que como m\u00ednimo el 25% de las asignaturas se impartan en castellano, lo que equivale a que una asignatura troncal m\u00e1s, adem\u00e1s de lengua castellana, se imparta en ese idioma. \u00abY este es el m\u00ednimo que se debe ofertar\u00bb, ha recalcado Gomendio.<\/p>\n<p>El Ministerio ha asegurado en un comunicado que \u00abla intenci\u00f3n del recurso no es la de desplazar al catal\u00e1n, ni acabar con el sistema de inmersi\u00f3n ling\u00fc\u00edstica en Catalu\u00f1a, sino que el castellano est\u00e9 integrado en la oferta educativa de los centros en una proporci\u00f3n razonable\u00bb.<\/p>\n<p>Durante la sesi\u00f3n de control al presidente catal\u00e1n en el pleno del Parlament, preguntado sobre esta cuesti\u00f3n por la l\u00edder del PPC, Al\u00edcia S\u00e1nchez-Camacho, Mas ha acusado a los populares de tener \u00abun problema de realismo\u00bb y de \u00abno saber d\u00f3nde viven\u00bb. \u00abQuieren intentar cambiar Catalu\u00f1a y, como no pueden cambiarla a trav\u00e9s de los votos, intentan cambiarla a trav\u00e9s de los tribunales y las sentencias, como siempre. En lugar de obtener los votos, obtienen la presi\u00f3n a trav\u00e9s de los tribunales\u00bb, ha se\u00f1alado Mas.<\/p>\n","protected":false},"excerpt":{"rendered":"<p>La Abogac\u00eda del Estado ha presentado un recurso contencioso administrativo ante el Tribunal Superior de Justicia de Catalu\u00f1a (TSJC) contra la resoluci\u00f3n de la Generalitat catalana que regula las normas de preinscripci\u00f3n y matr\u00edcula de alumnos en centros catalanes para el curso 2015-2016. En el recurso, presentado a instancia del Ministerio de Educaci\u00f3n, el Gobierno [&hellip;]<\/p>\n","protected":false},"author":2,"featured_media":5969,"comment_status":"open","ping_status":"open","sticky":false,"template":"","format":"standard","meta":{"footnotes":""},"categories":[62,55,85],"tags":[],"class_list":["post-5968","post","type-post","status-publish","format-standard","has-post-thumbnail","hentry","category-cultura","category-educacion","category-espana"],"_links":{"self":[{"href":"https:\/\/2horizontes.com\/index.php?rest_route=\/wp\/v2\/posts\/5968","targetHints":{"allow":["GET"]}}],"collection":[{"href":"https:\/\/2horizontes.com\/index.php?rest_route=\/wp\/v2\/posts"}],"about":[{"href":"https:\/\/2horizontes.com\/index.php?rest_route=\/wp\/v2\/types\/post"}],"author":[{"embeddable":true,"href":"https:\/\/2horizontes.com\/index.php?rest_route=\/wp\/v2\/users\/2"}],"replies":[{"embeddable":true,"href":"https:\/\/2horizontes.com\/index.php?rest_route=%2Fwp%2Fv2%2Fcomments&post=5968"}],"version-history":[{"count":1,"href":"https:\/\/2horizontes.com\/index.php?rest_route=\/wp\/v2\/posts\/5968\/revisions"}],"predecessor-version":[{"id":5970,"href":"https:\/\/2horizontes.com\/index.php?rest_route=\/wp\/v2\/posts\/5968\/revisions\/5970"}],"wp:featuredmedia":[{"embeddable":true,"href":"https:\/\/2horizontes.com\/index.php?rest_route=\/wp\/v2\/media\/5969"}],"wp:attachment":[{"href":"https:\/\/2horizontes.com\/index.php?rest_route=%2Fwp%2Fv2%2Fmedia&parent=5968"}],"wp:term":[{"taxonomy":"category","embeddable":true,"href":"https:\/\/2horizontes.com\/index.php?rest_route=%2Fwp%2Fv2%2Fcategories&post=5968"},{"taxonomy":"post_tag","embeddable":true,"href":"https:\/\/2horizontes.com\/index.php?rest_route=%2Fwp%2Fv2%2Ftags&post=5968"}],"curies":[{"name":"wp","href":"https:\/\/api.w.org\/{rel}","templated":true}]}}