{"id":59654,"date":"2016-11-04T11:04:10","date_gmt":"2016-11-04T10:04:10","guid":{"rendered":"http:\/\/2horizontes.com\/?p=59654"},"modified":"2016-11-04T11:04:10","modified_gmt":"2016-11-04T10:04:10","slug":"la-menor-fallecida-por-coma-etilico-fue-trasladada-en-un-carro-de-la-compra","status":"publish","type":"post","link":"https:\/\/2horizontes.com\/?p=59654","title":{"rendered":"La menor fallecida por coma et\u00edlico fue trasladada en un carro de la compra"},"content":{"rendered":"<p>En un carro de la compra y cuarenta minutos despu\u00e9s de desplomarse. As\u00ed fue traslada al centro hospitalario la ni\u00f1a de 12 a\u00f1os vecina de San Mart\u00edn de la Vega que falleci\u00f3 en la noche del pasado 28 de octubre tras ser ingresada con un coma et\u00edlico.<\/p>\n<p>El testimonio de los testigos ha permitido a la Polic\u00eda reconstruir los hechos que, hasta ahora, presentaban grandes lagunas. La joven ingiri\u00f3 grandes dosis de alcohol durante un botell\u00f3n celebrado en un descampado del barrio de Santa Elena con motivo de las fiestas de Halloween. Una elevada cantidad que motivaron que la joven cayera al suelo desplomada.<\/p>\n<p>En un primer momento sus amigos hicieron caso omiso pero, pasados unos 30-40 minutos, y al ver que no se levantaba decidieron trasladarla al centro m\u00e9dico local. Un testigo ha confirmado que, dado el estado de embriaguez de la joven y su gran corpulencia, los j\u00f3venes fueron incapaces de cargar con ella por lo que decidieron trasladarla en un carro de la compra hasta un centro de salud cercano ubicado en la Avenida del 12 de Octubre del municipio. Durante el trayecto, pasadas las 23 horas, llamaron al 112 alertando de que la chica se encontraba en parada cardiorrespiratoria.<\/p>\n<p>Las asistencias sanitarias decidieron trasladarla de inmediato en UVI m\u00f3vil al hospital 12 de Octubre dada la gravedad de su estado donde la joven muri\u00f3 poco despu\u00e9s de ser ingresada.<\/p>\n<p>Seg\u00fan los familiares, la ni\u00f1a estuvo en coma inducido hasta el pasado martes, cuando falleci\u00f3. Los restos de la menor han sido incinerados este jueves en el tanatorio-cementerio de Parcesa en Alcobendas.<\/p>\n<p>Una zona oculta y sin iluminaci\u00f3n<\/p>\n<p>La v\u00edctima y sus amigos eligieron un descampado apartado y sin iluminaci\u00f3n de San Mart\u00edn de la Vega para realizar el botell\u00f3n sin poder ser descubiertos por la Polic\u00eda.<\/p>\n<p>La investigaci\u00f3n se centra ahora en la declaraci\u00f3n de varios participantes en el encuentro alcoh\u00f3lico. El caso ha pasado a ser instruido en el Juzgado n\u00famero 8 de Madrid, en Plaza de Castilla.<\/p>\n","protected":false},"excerpt":{"rendered":"<p>En un carro de la compra y cuarenta minutos despu\u00e9s de desplomarse. As\u00ed fue traslada al centro hospitalario la ni\u00f1a de 12 a\u00f1os vecina de San Mart\u00edn de la Vega que falleci\u00f3 en la noche del pasado 28 de octubre tras ser ingresada con un coma et\u00edlico. El testimonio de los testigos ha permitido a [&hellip;]<\/p>\n","protected":false},"author":3,"featured_media":59655,"comment_status":"open","ping_status":"open","sticky":false,"template":"","format":"standard","meta":{"footnotes":""},"categories":[85],"tags":[],"class_list":["post-59654","post","type-post","status-publish","format-standard","has-post-thumbnail","hentry","category-espana"],"_links":{"self":[{"href":"https:\/\/2horizontes.com\/index.php?rest_route=\/wp\/v2\/posts\/59654","targetHints":{"allow":["GET"]}}],"collection":[{"href":"https:\/\/2horizontes.com\/index.php?rest_route=\/wp\/v2\/posts"}],"about":[{"href":"https:\/\/2horizontes.com\/index.php?rest_route=\/wp\/v2\/types\/post"}],"author":[{"embeddable":true,"href":"https:\/\/2horizontes.com\/index.php?rest_route=\/wp\/v2\/users\/3"}],"replies":[{"embeddable":true,"href":"https:\/\/2horizontes.com\/index.php?rest_route=%2Fwp%2Fv2%2Fcomments&post=59654"}],"version-history":[{"count":1,"href":"https:\/\/2horizontes.com\/index.php?rest_route=\/wp\/v2\/posts\/59654\/revisions"}],"predecessor-version":[{"id":59656,"href":"https:\/\/2horizontes.com\/index.php?rest_route=\/wp\/v2\/posts\/59654\/revisions\/59656"}],"wp:featuredmedia":[{"embeddable":true,"href":"https:\/\/2horizontes.com\/index.php?rest_route=\/wp\/v2\/media\/59655"}],"wp:attachment":[{"href":"https:\/\/2horizontes.com\/index.php?rest_route=%2Fwp%2Fv2%2Fmedia&parent=59654"}],"wp:term":[{"taxonomy":"category","embeddable":true,"href":"https:\/\/2horizontes.com\/index.php?rest_route=%2Fwp%2Fv2%2Fcategories&post=59654"},{"taxonomy":"post_tag","embeddable":true,"href":"https:\/\/2horizontes.com\/index.php?rest_route=%2Fwp%2Fv2%2Ftags&post=59654"}],"curies":[{"name":"wp","href":"https:\/\/api.w.org\/{rel}","templated":true}]}}