{"id":59595,"date":"2016-11-03T01:13:43","date_gmt":"2016-11-03T00:13:43","guid":{"rendered":"http:\/\/2horizontes.com\/?p=59595"},"modified":"2016-11-03T10:11:07","modified_gmt":"2016-11-03T09:11:07","slug":"tirara-samsung-cuatro-millones-de-galaxy-note-7-a-la-basura","status":"publish","type":"post","link":"https:\/\/2horizontes.com\/?p=59595","title":{"rendered":"\u00bfTirar\u00e1 Samsung cuatro millones de Galaxy Note 7 a la basura?"},"content":{"rendered":"<p>La basura electr\u00f3nica, es decir, los componentes o aparatos electr\u00f3nicos fuera de uso, se ha convertido en uno de los problemas m\u00e1s importantes en el complejo mundo de los residuos. Diversos pa\u00edses y empresas han puesto en marcha sistemas para la recogida selectiva y reciclaje de este tipo de elementos pero, muchas ocasiones, los materiales de desecho llenan los vertederos y provocan contaminaci\u00f3n.<\/p>\n<p>La organizaci\u00f3n ecologista Greenpeace llama ahora la atenci\u00f3n de un episodio que, si no se gestiona correctamente, puede incrementar los problemas de la tambi\u00e9n denominada e-basura.<\/p>\n<p>Se trata en concreto de los millones de aparatos del tel\u00e9fono modelo Galaxy Note 7 que est\u00e1n siendo retirados del mercado despu\u00e9s de que la empresa Samsung reconociese los problemas de seguridad de sus bater\u00edas (que en algunos casos pueden provocar la explosi\u00f3n del dispositivo).<\/p>\n<p>Greenpeace ha puesto en marcha una campa\u00f1a de recogida de firmas para pedir a Samsung que garantice la gesti\u00f3n correcta de estos aparatos fuera de uso y el reciclado de sus componentes.<\/p>\n<p>Samsung mantiene desde hace a\u00f1os una pol\u00edtica de gesti\u00f3n responsable de los residuos y, en diversas partes del mundo, participa con sistemas integrados de recogida selectiva y reciclaje de aparatos usados. No obstante, en el caso de los Galaxy Note 7, la p\u00e1gina de esta empresa en internet no facilita detalles sobre reciclaje de los aparatos que se est\u00e1n retirando del mercado.<\/p>\n","protected":false},"excerpt":{"rendered":"<p>La basura electr\u00f3nica, es decir, los componentes o aparatos electr\u00f3nicos fuera de uso, se ha convertido en uno de los problemas m\u00e1s importantes en el complejo mundo de los residuos. Diversos pa\u00edses y empresas han puesto en marcha sistemas para la recogida selectiva y reciclaje de este tipo de elementos pero, muchas ocasiones, los materiales [&hellip;]<\/p>\n","protected":false},"author":3,"featured_media":59603,"comment_status":"open","ping_status":"open","sticky":false,"template":"","format":"standard","meta":{"footnotes":""},"categories":[40,88],"tags":[],"class_list":["post-59595","post","type-post","status-publish","format-standard","has-post-thumbnail","hentry","category-internacionales","category-tecnologia"],"_links":{"self":[{"href":"https:\/\/2horizontes.com\/index.php?rest_route=\/wp\/v2\/posts\/59595","targetHints":{"allow":["GET"]}}],"collection":[{"href":"https:\/\/2horizontes.com\/index.php?rest_route=\/wp\/v2\/posts"}],"about":[{"href":"https:\/\/2horizontes.com\/index.php?rest_route=\/wp\/v2\/types\/post"}],"author":[{"embeddable":true,"href":"https:\/\/2horizontes.com\/index.php?rest_route=\/wp\/v2\/users\/3"}],"replies":[{"embeddable":true,"href":"https:\/\/2horizontes.com\/index.php?rest_route=%2Fwp%2Fv2%2Fcomments&post=59595"}],"version-history":[{"count":1,"href":"https:\/\/2horizontes.com\/index.php?rest_route=\/wp\/v2\/posts\/59595\/revisions"}],"predecessor-version":[{"id":59596,"href":"https:\/\/2horizontes.com\/index.php?rest_route=\/wp\/v2\/posts\/59595\/revisions\/59596"}],"wp:featuredmedia":[{"embeddable":true,"href":"https:\/\/2horizontes.com\/index.php?rest_route=\/wp\/v2\/media\/59603"}],"wp:attachment":[{"href":"https:\/\/2horizontes.com\/index.php?rest_route=%2Fwp%2Fv2%2Fmedia&parent=59595"}],"wp:term":[{"taxonomy":"category","embeddable":true,"href":"https:\/\/2horizontes.com\/index.php?rest_route=%2Fwp%2Fv2%2Fcategories&post=59595"},{"taxonomy":"post_tag","embeddable":true,"href":"https:\/\/2horizontes.com\/index.php?rest_route=%2Fwp%2Fv2%2Ftags&post=59595"}],"curies":[{"name":"wp","href":"https:\/\/api.w.org\/{rel}","templated":true}]}}