{"id":59525,"date":"2016-11-01T23:45:10","date_gmt":"2016-11-01T22:45:10","guid":{"rendered":"http:\/\/2horizontes.com\/?p=59525"},"modified":"2016-11-01T23:45:10","modified_gmt":"2016-11-01T22:45:10","slug":"vettel-se-salvo-de-una-sancion","status":"publish","type":"post","link":"https:\/\/2horizontes.com\/?p=59525","title":{"rendered":"Vettel se salv\u00f3 de una sanci\u00f3n"},"content":{"rendered":"<p>La Federaci\u00f3n Internacional de Automovilismo (FIA) ha decidido que no tomar\u00e1 medidas disciplinarias contra el piloto alem\u00e1n de Ferrari Sebastian\u00a0<span class=\"classCadenaBusqueda\">Vettel<\/span>, que durante el Gran Premio de M\u00e9xico hizo comentarios ofensivos por la radio hacia el Director de Carrera Charlie Whitting y el piloto holand\u00e9s Max Verstappen.<\/p>\n<p>Dichos comentarios pudieron ser escuchados durante la retransmisi\u00f3n en vivo de la carrera. Sin embargo el presidente de la FIA Jean Todt ha decidido, con car\u00e1cter excepcional, no tomar medidas disciplinarias contra el piloto de 29 a\u00f1os oriundo de Heppenheim por ofrecer profundas disculpas por sus acciones.<\/p>\n<p>\u00abInmediatamente despu\u00e9s del incidente, Sebastian\u00a0<span class=\"classCadenaBusqueda\">Vettel<\/span>\u00a0busc\u00f3 a Charlie Whiting para expresar su arrepentimiento en persona y de su propia iniciativa envi\u00f3 cartas al presidente de la FIA y a Charlie Whiting, en las que se disculpaba profundamente por sus acciones\u00bb, explica la FIA en un comunicado.<\/p>\n<p>En esos escritos,\u00a0<span class=\"classCadenaBusqueda\">Vettel<\/span>\u00a0tambi\u00e9n se\u00f1al\u00f3 que contactar\u00eda con el piloto de la escuder\u00eda Red Bull Max Verstappen, con el que tuvo roces durante la carrera, y prometi\u00f3 que tal incidente nunca volver\u00eda a ocurrir.<\/p>\n<p>Dentro del mismo comunicado, la FIA condena el uso de lenguaje ofensivo en el deporte de motor, \u00abespecialmente cuando se dirija a oficiales o a los dem\u00e1s participantes\u00bb y manifiesta que si vuelve a ocurrir algo similar \u00abse tomar\u00e1n acciones disciplinarias ante el Tribunal Internacional de la FIA para juzgar al infractor\u00bb.<\/p>\n","protected":false},"excerpt":{"rendered":"<p>La Federaci\u00f3n Internacional de Automovilismo (FIA) ha decidido que no tomar\u00e1 medidas disciplinarias contra el piloto alem\u00e1n de Ferrari Sebastian\u00a0Vettel, que durante el Gran Premio de M\u00e9xico hizo comentarios ofensivos por la radio hacia el Director de Carrera Charlie Whitting y el piloto holand\u00e9s Max Verstappen. Dichos comentarios pudieron ser escuchados durante la retransmisi\u00f3n en [&hellip;]<\/p>\n","protected":false},"author":13240,"featured_media":59526,"comment_status":"open","ping_status":"open","sticky":false,"template":"","format":"standard","meta":{"footnotes":""},"categories":[40],"tags":[],"class_list":["post-59525","post","type-post","status-publish","format-standard","has-post-thumbnail","hentry","category-internacionales"],"_links":{"self":[{"href":"https:\/\/2horizontes.com\/index.php?rest_route=\/wp\/v2\/posts\/59525","targetHints":{"allow":["GET"]}}],"collection":[{"href":"https:\/\/2horizontes.com\/index.php?rest_route=\/wp\/v2\/posts"}],"about":[{"href":"https:\/\/2horizontes.com\/index.php?rest_route=\/wp\/v2\/types\/post"}],"author":[{"embeddable":true,"href":"https:\/\/2horizontes.com\/index.php?rest_route=\/wp\/v2\/users\/13240"}],"replies":[{"embeddable":true,"href":"https:\/\/2horizontes.com\/index.php?rest_route=%2Fwp%2Fv2%2Fcomments&post=59525"}],"version-history":[{"count":1,"href":"https:\/\/2horizontes.com\/index.php?rest_route=\/wp\/v2\/posts\/59525\/revisions"}],"predecessor-version":[{"id":59527,"href":"https:\/\/2horizontes.com\/index.php?rest_route=\/wp\/v2\/posts\/59525\/revisions\/59527"}],"wp:featuredmedia":[{"embeddable":true,"href":"https:\/\/2horizontes.com\/index.php?rest_route=\/wp\/v2\/media\/59526"}],"wp:attachment":[{"href":"https:\/\/2horizontes.com\/index.php?rest_route=%2Fwp%2Fv2%2Fmedia&parent=59525"}],"wp:term":[{"taxonomy":"category","embeddable":true,"href":"https:\/\/2horizontes.com\/index.php?rest_route=%2Fwp%2Fv2%2Fcategories&post=59525"},{"taxonomy":"post_tag","embeddable":true,"href":"https:\/\/2horizontes.com\/index.php?rest_route=%2Fwp%2Fv2%2Ftags&post=59525"}],"curies":[{"name":"wp","href":"https:\/\/api.w.org\/{rel}","templated":true}]}}