{"id":5952,"date":"2015-05-06T11:30:55","date_gmt":"2015-05-06T10:30:55","guid":{"rendered":"http:\/\/2horizontes.com\/?p=5952"},"modified":"2015-05-06T11:30:55","modified_gmt":"2015-05-06T10:30:55","slug":"placido-domingo-cancela-presentacion-junto-a-conchita-wurst","status":"publish","type":"post","link":"https:\/\/2horizontes.com\/?p=5952","title":{"rendered":"PL\u00c1CIDO DOMINGO CANCELA PRESENTACI\u00d3N JUNTO A CONCHITA WURST"},"content":{"rendered":"<p>Tras confirmarse el show de <b>Pl\u00e1cido Domingo<\/b> junto a la cantante con barba, <b>Conchita Wurst<\/b>, en la \u00d3pera de Viena el pr\u00f3ximo 17 de mayo, se ha dado a conocer de \u00faltima hora, que esta no se llevara a cabo porque el tenor espa\u00f1ol cancel\u00f3 la presentaci\u00f3n debido a sus problemas de salud.<\/p>\n<p>El tenor formar\u00eda parte de la gala \u00abPop meets Opera\u00bb, organizada dentro de la agenda de eventos alrededor del Festival de Eurovisi\u00f3n, del cual sali\u00f3 <b>Wurst<\/b> en 2014, y cuya final de este a\u00f1o se celebrar\u00e1 el d\u00eda 23 en Viena, por lo que la \u00d3pera de Viena lament\u00f3 en un comunicado que la actuaci\u00f3n de <b>Domingo<\/b> no se realice.<\/p>\n<p>El tambi\u00e9n director de orquesta cancel\u00f3 sus funciones de \u00abNabucco\u00bb de los d\u00edas 10 y 14 de mayo, aunque espera que regrese a los escenarios los d\u00edas 18 y 22 del mismo mes.<\/p>\n<p>Hace unos d\u00edas, <b>Conchita Wurst<\/b> se mostr\u00f3 al desnudo en su nuevo video &#8216;You Are Unstoppable&#8217;, el cual formar\u00e1 parte de su nuevo disco hom\u00f3nimo, mismo que saldr\u00e1 a la venta el pr\u00f3ximo 15 de mayo. En la canci\u00f3n hace referencia a todo lo que ha pasado para llegar a donde est\u00e1, por lo que suena mucho la frase \u00aberes imparable\u00bb.<\/p>\n<p>&nbsp;<\/p>\n<p>&nbsp;<\/p>\n","protected":false},"excerpt":{"rendered":"<p>Tras confirmarse el show de Pl\u00e1cido Domingo junto a la cantante con barba, Conchita Wurst, en la \u00d3pera de Viena el pr\u00f3ximo 17 de mayo, se ha dado a conocer de \u00faltima hora, que esta no se llevara a cabo porque el tenor espa\u00f1ol cancel\u00f3 la presentaci\u00f3n debido a sus problemas de salud. El tenor [&hellip;]<\/p>\n","protected":false},"author":3,"featured_media":5954,"comment_status":"open","ping_status":"open","sticky":false,"template":"","format":"standard","meta":{"footnotes":""},"categories":[1,57],"tags":[],"class_list":["post-5952","post","type-post","status-publish","format-standard","has-post-thumbnail","hentry","category-entretenimiento","category-mundo-gay"],"_links":{"self":[{"href":"https:\/\/2horizontes.com\/index.php?rest_route=\/wp\/v2\/posts\/5952","targetHints":{"allow":["GET"]}}],"collection":[{"href":"https:\/\/2horizontes.com\/index.php?rest_route=\/wp\/v2\/posts"}],"about":[{"href":"https:\/\/2horizontes.com\/index.php?rest_route=\/wp\/v2\/types\/post"}],"author":[{"embeddable":true,"href":"https:\/\/2horizontes.com\/index.php?rest_route=\/wp\/v2\/users\/3"}],"replies":[{"embeddable":true,"href":"https:\/\/2horizontes.com\/index.php?rest_route=%2Fwp%2Fv2%2Fcomments&post=5952"}],"version-history":[{"count":1,"href":"https:\/\/2horizontes.com\/index.php?rest_route=\/wp\/v2\/posts\/5952\/revisions"}],"predecessor-version":[{"id":5953,"href":"https:\/\/2horizontes.com\/index.php?rest_route=\/wp\/v2\/posts\/5952\/revisions\/5953"}],"wp:featuredmedia":[{"embeddable":true,"href":"https:\/\/2horizontes.com\/index.php?rest_route=\/wp\/v2\/media\/5954"}],"wp:attachment":[{"href":"https:\/\/2horizontes.com\/index.php?rest_route=%2Fwp%2Fv2%2Fmedia&parent=5952"}],"wp:term":[{"taxonomy":"category","embeddable":true,"href":"https:\/\/2horizontes.com\/index.php?rest_route=%2Fwp%2Fv2%2Fcategories&post=5952"},{"taxonomy":"post_tag","embeddable":true,"href":"https:\/\/2horizontes.com\/index.php?rest_route=%2Fwp%2Fv2%2Ftags&post=5952"}],"curies":[{"name":"wp","href":"https:\/\/api.w.org\/{rel}","templated":true}]}}