{"id":59496,"date":"2016-10-31T23:10:52","date_gmt":"2016-10-31T22:10:52","guid":{"rendered":"http:\/\/2horizontes.com\/?p=59496"},"modified":"2016-10-31T23:10:52","modified_gmt":"2016-10-31T22:10:52","slug":"mariano-rajoy-jura-como-presidente-del-gobierno-y-acaba-con-la-interinidad","status":"publish","type":"post","link":"https:\/\/2horizontes.com\/?p=59496","title":{"rendered":"Mariano Rajoy jura como presidente del Gobierno y acaba con la interinidad"},"content":{"rendered":"<p>MADRID. El l\u00edder del PP (centroderecha), Mariano Rajoy, jur\u00f3 hoy como presidente del Gobierno espa\u00f1ol, cargo al que accedi\u00f3 en diciembre de 2011 y que ha renovado tras su reelecci\u00f3n por el Congreso de los Diputados el pasado s\u00e1bado.<\/p>\n<p>Rajoy jur\u00f3 ante el rey Felipe VI en un acto breve al que asistieron los presidentes de las principales instancias judiciales y pol\u00edticas espa\u00f1olas.<\/p>\n<p>La C\u00e1mara eligi\u00f3 el d\u00eda 29 a Rajoy por 170 votos a favor, 111 en contra y 68 abstenciones y puso fin a diez meses de interinidad, con un Gabinete sin competencias plenas.<\/p>\n<p>Las elecciones legislativas del 20 de diciembre de 2015 y 26 de junio de 2016 depararon un Parlamento fragmentado que hasta el s\u00e1bado no hab\u00eda podido dar su confianza a un candidato.<\/p>\n<p>El socialista Pedro S\u00e1nchez, en marzo, y el propio Rajoy, en septiembre, hab\u00edan fracasado en su intento.<\/p>\n<p>La abstenci\u00f3n del PSOE (socialistas) ha permitido la elecci\u00f3n del l\u00edder del PP y alejado la hip\u00f3tesis de unos nuevos comicios en diciembre, que hubieran sido los terceros en un a\u00f1o.<\/p>\n<p>La actual legislatura, de cuatro a\u00f1os, deber\u00eda terminar en junio de 2020, salvo que el propio Rajoy decida convocar comicios antes de esa fecha.<\/p>\n<p>Rajoy, de 61 a\u00f1os, gobern\u00f3 con mayor\u00eda absoluta desde 2011 a 2015 y en estos d\u00edez \u00faltimos meses estuvo en funciones, con competencias limitadas.<\/p>\n<p>Es el sexto jefe del Ejecutivo en la actual etapa democr\u00e1tica espa\u00f1ola, que empez\u00f3 tras la muerte del dictador Francisco Franco en 1975.<\/p>\n<p>Le han antecedido los centristas Adolfo Su\u00e1rez (1976-81) y Leopoldo Calvo-Sotelo (1981-82), el socialista Felipe Gonz\u00e1lez (1982-96), Jos\u00e9 Mar\u00eda Aznar, del PP (1996-2004) y el tambi\u00e9n socialista Jos\u00e9 Luis Rodr\u00edguez Zapatero (2004-11).<\/p>\n<p>Rajoy se dispone ahora a preparar el nuevo Gabinete, que dar\u00e1 a conocer el jueves pr\u00f3ximo y que tomar\u00e1 posesi\u00f3n al d\u00eda siguiente, tambi\u00e9n delante del rey.<\/p>\n","protected":false},"excerpt":{"rendered":"<p>MADRID. El l\u00edder del PP (centroderecha), Mariano Rajoy, jur\u00f3 hoy como presidente del Gobierno espa\u00f1ol, cargo al que accedi\u00f3 en diciembre de 2011 y que ha renovado tras su reelecci\u00f3n por el Congreso de los Diputados el pasado s\u00e1bado. Rajoy jur\u00f3 ante el rey Felipe VI en un acto breve al que asistieron los presidentes [&hellip;]<\/p>\n","protected":false},"author":13240,"featured_media":2015,"comment_status":"open","ping_status":"open","sticky":false,"template":"","format":"standard","meta":{"footnotes":""},"categories":[85,40,43],"tags":[],"class_list":["post-59496","post","type-post","status-publish","format-standard","has-post-thumbnail","hentry","category-espana","category-internacionales","category-politica"],"_links":{"self":[{"href":"https:\/\/2horizontes.com\/index.php?rest_route=\/wp\/v2\/posts\/59496","targetHints":{"allow":["GET"]}}],"collection":[{"href":"https:\/\/2horizontes.com\/index.php?rest_route=\/wp\/v2\/posts"}],"about":[{"href":"https:\/\/2horizontes.com\/index.php?rest_route=\/wp\/v2\/types\/post"}],"author":[{"embeddable":true,"href":"https:\/\/2horizontes.com\/index.php?rest_route=\/wp\/v2\/users\/13240"}],"replies":[{"embeddable":true,"href":"https:\/\/2horizontes.com\/index.php?rest_route=%2Fwp%2Fv2%2Fcomments&post=59496"}],"version-history":[{"count":2,"href":"https:\/\/2horizontes.com\/index.php?rest_route=\/wp\/v2\/posts\/59496\/revisions"}],"predecessor-version":[{"id":59499,"href":"https:\/\/2horizontes.com\/index.php?rest_route=\/wp\/v2\/posts\/59496\/revisions\/59499"}],"wp:featuredmedia":[{"embeddable":true,"href":"https:\/\/2horizontes.com\/index.php?rest_route=\/wp\/v2\/media\/2015"}],"wp:attachment":[{"href":"https:\/\/2horizontes.com\/index.php?rest_route=%2Fwp%2Fv2%2Fmedia&parent=59496"}],"wp:term":[{"taxonomy":"category","embeddable":true,"href":"https:\/\/2horizontes.com\/index.php?rest_route=%2Fwp%2Fv2%2Fcategories&post=59496"},{"taxonomy":"post_tag","embeddable":true,"href":"https:\/\/2horizontes.com\/index.php?rest_route=%2Fwp%2Fv2%2Ftags&post=59496"}],"curies":[{"name":"wp","href":"https:\/\/api.w.org\/{rel}","templated":true}]}}