{"id":59492,"date":"2016-10-31T23:07:17","date_gmt":"2016-10-31T22:07:17","guid":{"rendered":"http:\/\/2horizontes.com\/?p=59492"},"modified":"2016-10-31T23:07:17","modified_gmt":"2016-10-31T22:07:17","slug":"coe-extiende-a-ocho-las-provincias-en-alerta-verde","status":"publish","type":"post","link":"https:\/\/2horizontes.com\/?p=59492","title":{"rendered":"COE extiende a ocho las provincias en alerta verde"},"content":{"rendered":"<p>SANTO DOMINGO. El Centro de Operaciones de Emergencias (COE) extendi\u00f3 la alerta verde a ocho provincias debido a los efectos de una vaguada que estar\u00e1 generando aguaceros, r\u00e1fagas de viento, y tormentas el\u00e9ctricas hacia el noroeste del territorio nacional.<\/p>\n<p>Las provincias bajo alerta verde son Dajab\u00f3n, Montecristi, Santiago Rodr\u00edguez, Puerto Plata, Santiago, Espaillat, Hermanas Mirabal y Mar\u00eda Trinidad S\u00e1nchez, esto por la posibilidad de inundaciones urbanas y deslizamientos de tierra.<\/p>\n<p>La Oficina Nacional de Meteorolog\u00eda (ONAMET) pronostica la continuaci\u00f3n de los aguaceros durante las pr\u00f3ximas 48 horas. Para este martes continuar\u00e1n los aguaceros, tormentas el\u00e9ctricas y ocasionales r\u00e1fagas de viento, hacia las regiones noreste, sureste, norte, noroeste y la cordillera Central, producto de la vaguada asociada al sistema de baja presi\u00f3n que permanece al noreste del pa\u00eds.<\/p>\n","protected":false},"excerpt":{"rendered":"<p>SANTO DOMINGO. El Centro de Operaciones de Emergencias (COE) extendi\u00f3 la alerta verde a ocho provincias debido a los efectos de una vaguada que estar\u00e1 generando aguaceros, r\u00e1fagas de viento, y tormentas el\u00e9ctricas hacia el noroeste del territorio nacional. Las provincias bajo alerta verde son Dajab\u00f3n, Montecristi, Santiago Rodr\u00edguez, Puerto Plata, Santiago, Espaillat, Hermanas Mirabal [&hellip;]<\/p>\n","protected":false},"author":13240,"featured_media":28229,"comment_status":"open","ping_status":"open","sticky":false,"template":"","format":"standard","meta":{"footnotes":""},"categories":[84,53,44],"tags":[],"class_list":["post-59492","post","type-post","status-publish","format-standard","has-post-thumbnail","hentry","category-otras-noticias","category-provincias","category-republica-dominicana"],"_links":{"self":[{"href":"https:\/\/2horizontes.com\/index.php?rest_route=\/wp\/v2\/posts\/59492","targetHints":{"allow":["GET"]}}],"collection":[{"href":"https:\/\/2horizontes.com\/index.php?rest_route=\/wp\/v2\/posts"}],"about":[{"href":"https:\/\/2horizontes.com\/index.php?rest_route=\/wp\/v2\/types\/post"}],"author":[{"embeddable":true,"href":"https:\/\/2horizontes.com\/index.php?rest_route=\/wp\/v2\/users\/13240"}],"replies":[{"embeddable":true,"href":"https:\/\/2horizontes.com\/index.php?rest_route=%2Fwp%2Fv2%2Fcomments&post=59492"}],"version-history":[{"count":1,"href":"https:\/\/2horizontes.com\/index.php?rest_route=\/wp\/v2\/posts\/59492\/revisions"}],"predecessor-version":[{"id":59495,"href":"https:\/\/2horizontes.com\/index.php?rest_route=\/wp\/v2\/posts\/59492\/revisions\/59495"}],"wp:featuredmedia":[{"embeddable":true,"href":"https:\/\/2horizontes.com\/index.php?rest_route=\/wp\/v2\/media\/28229"}],"wp:attachment":[{"href":"https:\/\/2horizontes.com\/index.php?rest_route=%2Fwp%2Fv2%2Fmedia&parent=59492"}],"wp:term":[{"taxonomy":"category","embeddable":true,"href":"https:\/\/2horizontes.com\/index.php?rest_route=%2Fwp%2Fv2%2Fcategories&post=59492"},{"taxonomy":"post_tag","embeddable":true,"href":"https:\/\/2horizontes.com\/index.php?rest_route=%2Fwp%2Fv2%2Ftags&post=59492"}],"curies":[{"name":"wp","href":"https:\/\/api.w.org\/{rel}","templated":true}]}}