{"id":59430,"date":"2016-10-28T17:00:56","date_gmt":"2016-10-28T16:00:56","guid":{"rendered":"http:\/\/2horizontes.com\/?p=59430"},"modified":"2016-10-28T17:00:56","modified_gmt":"2016-10-28T16:00:56","slug":"diana-croce-representara-a-venezuela-en-el-miss-mundo","status":"publish","type":"post","link":"https:\/\/2horizontes.com\/?p=59430","title":{"rendered":"Diana Croce representar\u00e1 a Venezuela en el Miss Mundo"},"content":{"rendered":"<p>Diana Croce, primera finalista del Miss Venezuela 2016, ser\u00e1 la representante del pa\u00eds en el concurso de Miss Mundo, a realizarse el pr\u00f3ximo mes de diciembre.<\/p>\n<p>El presidente de la Organizaci\u00f3n Miss Venezuela, Osmel Sousa, dio a conocer la noticia en una entrevista ofrecida al \u00a0programa matutino <em>Portada<\/em>&#8216;s. El anuncio pone fin a los rumores que indicaban que, al igual que sucedi\u00f3 con el Miss Tierra, la organizaci\u00f3n tampoco tendr\u00eda la franquicia de Miss Mundo.<\/p>\n<p>La 66\u00aa edici\u00f3n del certamen se realizar\u00e1 el 18 de diciembre de 2016 en el Gaylord National Resort &amp; Convention Center, en la ciudad de Washington D.C (Estados Unidos).<\/p>\n","protected":false},"excerpt":{"rendered":"<p>Diana Croce, primera finalista del Miss Venezuela 2016, ser\u00e1 la representante del pa\u00eds en el concurso de Miss Mundo, a realizarse el pr\u00f3ximo mes de diciembre. El presidente de la Organizaci\u00f3n Miss Venezuela, Osmel Sousa, dio a conocer la noticia en una entrevista ofrecida al \u00a0programa matutino Portada&#8216;s. El anuncio pone fin a los rumores [&hellip;]<\/p>\n","protected":false},"author":13240,"featured_media":59433,"comment_status":"open","ping_status":"open","sticky":false,"template":"","format":"standard","meta":{"footnotes":""},"categories":[40,52,48],"tags":[],"class_list":["post-59430","post","type-post","status-publish","format-standard","has-post-thumbnail","hentry","category-internacionales","category-moda","category-venezuela"],"_links":{"self":[{"href":"https:\/\/2horizontes.com\/index.php?rest_route=\/wp\/v2\/posts\/59430","targetHints":{"allow":["GET"]}}],"collection":[{"href":"https:\/\/2horizontes.com\/index.php?rest_route=\/wp\/v2\/posts"}],"about":[{"href":"https:\/\/2horizontes.com\/index.php?rest_route=\/wp\/v2\/types\/post"}],"author":[{"embeddable":true,"href":"https:\/\/2horizontes.com\/index.php?rest_route=\/wp\/v2\/users\/13240"}],"replies":[{"embeddable":true,"href":"https:\/\/2horizontes.com\/index.php?rest_route=%2Fwp%2Fv2%2Fcomments&post=59430"}],"version-history":[{"count":1,"href":"https:\/\/2horizontes.com\/index.php?rest_route=\/wp\/v2\/posts\/59430\/revisions"}],"predecessor-version":[{"id":59434,"href":"https:\/\/2horizontes.com\/index.php?rest_route=\/wp\/v2\/posts\/59430\/revisions\/59434"}],"wp:featuredmedia":[{"embeddable":true,"href":"https:\/\/2horizontes.com\/index.php?rest_route=\/wp\/v2\/media\/59433"}],"wp:attachment":[{"href":"https:\/\/2horizontes.com\/index.php?rest_route=%2Fwp%2Fv2%2Fmedia&parent=59430"}],"wp:term":[{"taxonomy":"category","embeddable":true,"href":"https:\/\/2horizontes.com\/index.php?rest_route=%2Fwp%2Fv2%2Fcategories&post=59430"},{"taxonomy":"post_tag","embeddable":true,"href":"https:\/\/2horizontes.com\/index.php?rest_route=%2Fwp%2Fv2%2Ftags&post=59430"}],"curies":[{"name":"wp","href":"https:\/\/api.w.org\/{rel}","templated":true}]}}