{"id":59394,"date":"2016-10-28T14:28:03","date_gmt":"2016-10-28T13:28:03","guid":{"rendered":"http:\/\/2horizontes.com\/?p=59394"},"modified":"2016-10-28T14:28:03","modified_gmt":"2016-10-28T13:28:03","slug":"tres-jovenes-golpean-a-una-conductora-en-la-cabeza-y-le-roban-el-coche-en-siurana","status":"publish","type":"post","link":"https:\/\/2horizontes.com\/?p=59394","title":{"rendered":"Tres j\u00f3venes golpean a una conductora en la cabeza y le roban el coche en Siurana"},"content":{"rendered":"<p>Los Mossos d\u2019Esquadra buscan a tres j\u00f3venes que la ma\u00f1ana de este jueves han parado a una joven que circulaba en coche camino al trabajo en Siurana d\u2019Empord\u00e0, le han asestado un golpe en la cabeza con lo que todo apunta era la culata de una pistola y le han robado el veh\u00edculo.<\/p>\n<p>Seg\u00fan han informado a Efe fuentes de la investigaci\u00f3n, los hechos han tenido lugar sobre las 09.30 horas, cuando una joven circulaba en un Nissan Primera de color blando hacia la empresa de l\u00e1cteos donde trabaja, en Siurana.<\/p>\n<p>Cuando se encontraba a la altura del puente de la v\u00eda del tren, casi a la entrada del municipio, tres j\u00f3venes que llevaban mochilas la han parado con la excusa de preguntarle d\u00f3nde estaba la estaci\u00f3n.<\/p>\n<p>La chica ha bajado del coche para indicarles y han aprovechado para asestarle un golpe en la cabeza que la ha dejado aturdida en la calzada, y se han llevado su coche con todas sus pertenencias. Poco despu\u00e9s, unos ciclistas han llegado al lugar y han socorrida a la v\u00edctima y han llamado a emergencias.<\/p>\n<p>Al lugar se ha desplazado una ambulancia que la ha trasladado hasta un centro sanitario para que examinaran si hab\u00eda sufrido alg\u00fan da\u00f1o interno, pero s\u00f3lo ha sido una fuerte contusi\u00f3n en la cabeza.<\/p>\n<p>Al mismo tiempo, los Mossos d\u2019Esquadra han montado controles tanto en las v\u00edas cercanas al lugar de los hechos como en toda la comarca del Alt Empord\u00e0 para intentar localizar el coche con el que han huido. Los investigadores intentan averiguar la identidad de los asaltantes y por el momento no se ha dado con el veh\u00edculo.<\/p>\n","protected":false},"excerpt":{"rendered":"<p>Los Mossos d\u2019Esquadra buscan a tres j\u00f3venes que la ma\u00f1ana de este jueves han parado a una joven que circulaba en coche camino al trabajo en Siurana d\u2019Empord\u00e0, le han asestado un golpe en la cabeza con lo que todo apunta era la culata de una pistola y le han robado el veh\u00edculo. Seg\u00fan han [&hellip;]<\/p>\n","protected":false},"author":3,"featured_media":59395,"comment_status":"open","ping_status":"open","sticky":false,"template":"","format":"standard","meta":{"footnotes":""},"categories":[85],"tags":[],"class_list":["post-59394","post","type-post","status-publish","format-standard","has-post-thumbnail","hentry","category-espana"],"_links":{"self":[{"href":"https:\/\/2horizontes.com\/index.php?rest_route=\/wp\/v2\/posts\/59394","targetHints":{"allow":["GET"]}}],"collection":[{"href":"https:\/\/2horizontes.com\/index.php?rest_route=\/wp\/v2\/posts"}],"about":[{"href":"https:\/\/2horizontes.com\/index.php?rest_route=\/wp\/v2\/types\/post"}],"author":[{"embeddable":true,"href":"https:\/\/2horizontes.com\/index.php?rest_route=\/wp\/v2\/users\/3"}],"replies":[{"embeddable":true,"href":"https:\/\/2horizontes.com\/index.php?rest_route=%2Fwp%2Fv2%2Fcomments&post=59394"}],"version-history":[{"count":1,"href":"https:\/\/2horizontes.com\/index.php?rest_route=\/wp\/v2\/posts\/59394\/revisions"}],"predecessor-version":[{"id":59396,"href":"https:\/\/2horizontes.com\/index.php?rest_route=\/wp\/v2\/posts\/59394\/revisions\/59396"}],"wp:featuredmedia":[{"embeddable":true,"href":"https:\/\/2horizontes.com\/index.php?rest_route=\/wp\/v2\/media\/59395"}],"wp:attachment":[{"href":"https:\/\/2horizontes.com\/index.php?rest_route=%2Fwp%2Fv2%2Fmedia&parent=59394"}],"wp:term":[{"taxonomy":"category","embeddable":true,"href":"https:\/\/2horizontes.com\/index.php?rest_route=%2Fwp%2Fv2%2Fcategories&post=59394"},{"taxonomy":"post_tag","embeddable":true,"href":"https:\/\/2horizontes.com\/index.php?rest_route=%2Fwp%2Fv2%2Ftags&post=59394"}],"curies":[{"name":"wp","href":"https:\/\/api.w.org\/{rel}","templated":true}]}}