{"id":59391,"date":"2016-10-28T14:25:12","date_gmt":"2016-10-28T13:25:12","guid":{"rendered":"http:\/\/2horizontes.com\/?p=59391"},"modified":"2016-10-28T14:25:12","modified_gmt":"2016-10-28T13:25:12","slug":"detenido-un-hombre-en-santa-coloma-por-apunalar-a-su-sobrino-de-9-anos","status":"publish","type":"post","link":"https:\/\/2horizontes.com\/?p=59391","title":{"rendered":"Detenido un hombre en Santa Coloma por apu\u00f1alar a su sobrino de 9 a\u00f1os"},"content":{"rendered":"<p>Los Mossos d\u2019Esquadra han detenido a un hombre por apu\u00f1alar a su sobrino de nueve a\u00f1os en plena calle en Santa Coloma de Gramenet (Barcelona), y que ha tenido que ser evacuado en estado grave, ha confirmado el conseller de Interior, Jordi Jan\u00e9, quien ha a\u00f1adido que no se teme por su vida.<\/p>\n<p>Los hechos han ocurrido sobre las 9.00 horas en la calle Dalmau de Santa Coloma cuando el t\u00edo ha agredido al menor con un arma blanca asest\u00e1ndole diversas pu\u00f1aladas en distintas partes del cuerpo, entre ellas el cuello. Varios vecinos han reducido al agresor, lo que ha permitido su posterior detenci\u00f3n en el lugar de los hechos.<\/p>\n<p>El conseller ha confirmado el origen marroqu\u00ed de la familia as\u00ed como que el agresor sufre problemas psiqui\u00e1tricos y una enfermedad terminal.<\/p>\n<p>El apu\u00f1alamiento se ha producido en la calle Dalmau de Santa Coloma de Gramenet. Google Maps<br \/>\nEl apu\u00f1alamiento se ha producido en la calle Dalmau de Santa Coloma de Gramenet. Google Maps<br \/>\nTras recibir el aviso de la agresi\u00f3n, el Sistema de Emergencias M\u00e9dicas (SEM) ha enviado dos ambulancias que han trasladado al menor con heridas de arma blanca al Hospital Vall d\u2019Hebron de Barcelona, donde permanece ingresado en la UCI en estado grave, pero estable.<\/p>\n<p>El agresor ha sido trasladado a un centro hospitalario psiqui\u00e1trico, donde est\u00e1 siendo custodiado por los Mossos d\u2019Esquadra y atendido por las lesiones que ha sufrido cuando los vecinos le han reducido en la calle, seg\u00fan las fuentes.<\/p>\n","protected":false},"excerpt":{"rendered":"<p>Los Mossos d\u2019Esquadra han detenido a un hombre por apu\u00f1alar a su sobrino de nueve a\u00f1os en plena calle en Santa Coloma de Gramenet (Barcelona), y que ha tenido que ser evacuado en estado grave, ha confirmado el conseller de Interior, Jordi Jan\u00e9, quien ha a\u00f1adido que no se teme por su vida. Los hechos [&hellip;]<\/p>\n","protected":false},"author":3,"featured_media":59392,"comment_status":"open","ping_status":"open","sticky":false,"template":"","format":"standard","meta":{"footnotes":""},"categories":[85],"tags":[],"class_list":["post-59391","post","type-post","status-publish","format-standard","has-post-thumbnail","hentry","category-espana"],"_links":{"self":[{"href":"https:\/\/2horizontes.com\/index.php?rest_route=\/wp\/v2\/posts\/59391","targetHints":{"allow":["GET"]}}],"collection":[{"href":"https:\/\/2horizontes.com\/index.php?rest_route=\/wp\/v2\/posts"}],"about":[{"href":"https:\/\/2horizontes.com\/index.php?rest_route=\/wp\/v2\/types\/post"}],"author":[{"embeddable":true,"href":"https:\/\/2horizontes.com\/index.php?rest_route=\/wp\/v2\/users\/3"}],"replies":[{"embeddable":true,"href":"https:\/\/2horizontes.com\/index.php?rest_route=%2Fwp%2Fv2%2Fcomments&post=59391"}],"version-history":[{"count":1,"href":"https:\/\/2horizontes.com\/index.php?rest_route=\/wp\/v2\/posts\/59391\/revisions"}],"predecessor-version":[{"id":59393,"href":"https:\/\/2horizontes.com\/index.php?rest_route=\/wp\/v2\/posts\/59391\/revisions\/59393"}],"wp:featuredmedia":[{"embeddable":true,"href":"https:\/\/2horizontes.com\/index.php?rest_route=\/wp\/v2\/media\/59392"}],"wp:attachment":[{"href":"https:\/\/2horizontes.com\/index.php?rest_route=%2Fwp%2Fv2%2Fmedia&parent=59391"}],"wp:term":[{"taxonomy":"category","embeddable":true,"href":"https:\/\/2horizontes.com\/index.php?rest_route=%2Fwp%2Fv2%2Fcategories&post=59391"},{"taxonomy":"post_tag","embeddable":true,"href":"https:\/\/2horizontes.com\/index.php?rest_route=%2Fwp%2Fv2%2Ftags&post=59391"}],"curies":[{"name":"wp","href":"https:\/\/api.w.org\/{rel}","templated":true}]}}