{"id":59324,"date":"2016-10-27T11:43:49","date_gmt":"2016-10-27T10:43:49","guid":{"rendered":"http:\/\/2horizontes.com\/?p=59324"},"modified":"2016-10-27T11:43:49","modified_gmt":"2016-10-27T10:43:49","slug":"ryanair-deja-tirados-en-lanzarote-a-decenas-de-pasajeros-y-aplaza-su-regreso-hasta-10-dias","status":"publish","type":"post","link":"https:\/\/2horizontes.com\/?p=59324","title":{"rendered":"Ryanair deja \u2019tirados\u2019 en Lanzarote a decenas de pasajeros y aplaza su regreso hasta 10 d\u00edas"},"content":{"rendered":"<p>Decenas de pasajeros gallegos permanecen atrapados en Lanzarote tras la cancelaci\u00f3n este mi\u00e9rcoles del enlace que une la isla canaria con Santiago de Compostela operado por Ryanair, que los ha reubicado en sus l\u00edneas regulares, lo que provocar\u00e1 que tengan que esperar entre cuatro y 10 d\u00edas para su regreso a la pen\u00ednsula.<\/p>\n<p>As\u00ed lo ha confirmado, en declaraciones a Europa Press uno de los afectados, el alcalde de A Ca\u00f1iza (Pontevedra), Miguel Dom\u00ednguez, cuyo vuelo est\u00e1 ahora programado para el pr\u00f3ximo mi\u00e9rcoles, d\u00eda 2, una semana m\u00e1s tarde del regreso que hab\u00eda fijado.<\/p>\n<p>Tensi\u00f3n e indignaci\u00f3n<br \/>\nLas escenas de tensi\u00f3n e indignaci\u00f3n se sucedieron a lo largo de la tarde de este mi\u00e9rcoles ante las oficinas de la compa\u00f1\u00eda en el Aeropuerto de Lanzarote, donde fue preciso incluso que se personase la Polic\u00eda para calmar los \u00e1nimos. Miguel Dom\u00ednguez, y el resto de pasajeros del enlace a Santiago, llegaron \u00abcon normalidad\u00bb al aeropuerto en la tarde del mi\u00e9rcoles, destaca el regidor, quien ha precisado que el aer\u00f3dromo estaba \u00aboperando con normalidad\u00bb.<\/p>\n<p>Los pasajeros no fueron informados de la cancelaci\u00f3n del vuelo hasta que estaban \u00abembarcando\u00bb, momento en el que la compa\u00f1\u00eda les traslad\u00f3 que el enlace no saldr\u00eda, \u00absin dar m\u00e1s explicaciones\u00bb, y les remiti\u00f3 a la oficina de atenci\u00f3n al cliente.<\/p>\n<p>Una botella de agua y un bocadillo<br \/>\nLos afectados gallegos coincidieron en este punto con otros pasajeros de Ryanair que hab\u00edan sufrido la cancelaci\u00f3n de sus vuelos a Italia y a Madrid, lo que provoc\u00f3 largas colas de espera que fueron denunciadas en las redes sociales por los usuarios.<\/p>\n","protected":false},"excerpt":{"rendered":"<p>Decenas de pasajeros gallegos permanecen atrapados en Lanzarote tras la cancelaci\u00f3n este mi\u00e9rcoles del enlace que une la isla canaria con Santiago de Compostela operado por Ryanair, que los ha reubicado en sus l\u00edneas regulares, lo que provocar\u00e1 que tengan que esperar entre cuatro y 10 d\u00edas para su regreso a la pen\u00ednsula. As\u00ed lo [&hellip;]<\/p>\n","protected":false},"author":3,"featured_media":59325,"comment_status":"open","ping_status":"open","sticky":false,"template":"","format":"standard","meta":{"footnotes":""},"categories":[85],"tags":[],"class_list":["post-59324","post","type-post","status-publish","format-standard","has-post-thumbnail","hentry","category-espana"],"_links":{"self":[{"href":"https:\/\/2horizontes.com\/index.php?rest_route=\/wp\/v2\/posts\/59324","targetHints":{"allow":["GET"]}}],"collection":[{"href":"https:\/\/2horizontes.com\/index.php?rest_route=\/wp\/v2\/posts"}],"about":[{"href":"https:\/\/2horizontes.com\/index.php?rest_route=\/wp\/v2\/types\/post"}],"author":[{"embeddable":true,"href":"https:\/\/2horizontes.com\/index.php?rest_route=\/wp\/v2\/users\/3"}],"replies":[{"embeddable":true,"href":"https:\/\/2horizontes.com\/index.php?rest_route=%2Fwp%2Fv2%2Fcomments&post=59324"}],"version-history":[{"count":1,"href":"https:\/\/2horizontes.com\/index.php?rest_route=\/wp\/v2\/posts\/59324\/revisions"}],"predecessor-version":[{"id":59326,"href":"https:\/\/2horizontes.com\/index.php?rest_route=\/wp\/v2\/posts\/59324\/revisions\/59326"}],"wp:featuredmedia":[{"embeddable":true,"href":"https:\/\/2horizontes.com\/index.php?rest_route=\/wp\/v2\/media\/59325"}],"wp:attachment":[{"href":"https:\/\/2horizontes.com\/index.php?rest_route=%2Fwp%2Fv2%2Fmedia&parent=59324"}],"wp:term":[{"taxonomy":"category","embeddable":true,"href":"https:\/\/2horizontes.com\/index.php?rest_route=%2Fwp%2Fv2%2Fcategories&post=59324"},{"taxonomy":"post_tag","embeddable":true,"href":"https:\/\/2horizontes.com\/index.php?rest_route=%2Fwp%2Fv2%2Ftags&post=59324"}],"curies":[{"name":"wp","href":"https:\/\/api.w.org\/{rel}","templated":true}]}}