{"id":59321,"date":"2016-10-27T11:42:04","date_gmt":"2016-10-27T10:42:04","guid":{"rendered":"http:\/\/2horizontes.com\/?p=59321"},"modified":"2016-10-27T11:42:04","modified_gmt":"2016-10-27T10:42:04","slug":"por-primera-vez-dos-hermanas-desfilaran-en-el-show-de-victorias-secret","status":"publish","type":"post","link":"https:\/\/2horizontes.com\/?p=59321","title":{"rendered":"Por primera vez dos hermanas desfilar\u00e1n en el \u2018show\u2019 de Victoria\u2019s Secret"},"content":{"rendered":"<p>Si el a\u00f1o pasado Victoria\u2019s Secret sorprendi\u00f3 con el fichaje de \u00faltima hora de Kendall Jenner y Gigi Hadid, para esta edici\u00f3n ten\u00eda preparada una sorpresa a\u00fan mayor. Y es que por primera vez en la historia de la firma dos hermanas desfilar\u00e1n juntas en el espect\u00e1culo m\u00e1s esperado del a\u00f1o. Y estas no pod\u00edan ser otras que Bella y Gigi Hadid.<\/p>\n<p>La incorporaci\u00f3n de Bella Hadid probablemente no ha sido del todo inesperada. Los meses anteriores al show de 2015 ya se especul\u00f3 que la californiana podr\u00eda colarse en la lista, pero al final fue su hermana mayor la que se hizo con las ansiadas alas.<\/p>\n<p>Sin embargo, 2016 ha sido su a\u00f1o. En marzo fue nombrada modelo del a\u00f1o en la gala Daily Front Row Awards, ha desfilado para las firmas m\u00e1s importantes del momento -entre ellas Chanel- y es una de las chicas Dior, un t\u00edtulo que no est\u00e1 al alcance de cualquiera.<\/p>\n<p>Y por si esto fuera poco, su fama ha crecido como la espuma y acumula m\u00e1s de 7 millones de seguidores en Instagram. Unos datos que podr\u00edan haber sido determinantes a la hora de acelerar su fichaje, puesto que esta clase de modelos (llamadas tambi\u00e9n \u2018Instamodels\u2019) ayudan a incrementar las cifras de audiencia.<\/p>\n","protected":false},"excerpt":{"rendered":"<p>Si el a\u00f1o pasado Victoria\u2019s Secret sorprendi\u00f3 con el fichaje de \u00faltima hora de Kendall Jenner y Gigi Hadid, para esta edici\u00f3n ten\u00eda preparada una sorpresa a\u00fan mayor. Y es que por primera vez en la historia de la firma dos hermanas desfilar\u00e1n juntas en el espect\u00e1culo m\u00e1s esperado del a\u00f1o. Y estas no pod\u00edan [&hellip;]<\/p>\n","protected":false},"author":3,"featured_media":59322,"comment_status":"open","ping_status":"open","sticky":false,"template":"","format":"standard","meta":{"footnotes":""},"categories":[1,52],"tags":[],"class_list":["post-59321","post","type-post","status-publish","format-standard","has-post-thumbnail","hentry","category-entretenimiento","category-moda"],"_links":{"self":[{"href":"https:\/\/2horizontes.com\/index.php?rest_route=\/wp\/v2\/posts\/59321","targetHints":{"allow":["GET"]}}],"collection":[{"href":"https:\/\/2horizontes.com\/index.php?rest_route=\/wp\/v2\/posts"}],"about":[{"href":"https:\/\/2horizontes.com\/index.php?rest_route=\/wp\/v2\/types\/post"}],"author":[{"embeddable":true,"href":"https:\/\/2horizontes.com\/index.php?rest_route=\/wp\/v2\/users\/3"}],"replies":[{"embeddable":true,"href":"https:\/\/2horizontes.com\/index.php?rest_route=%2Fwp%2Fv2%2Fcomments&post=59321"}],"version-history":[{"count":1,"href":"https:\/\/2horizontes.com\/index.php?rest_route=\/wp\/v2\/posts\/59321\/revisions"}],"predecessor-version":[{"id":59323,"href":"https:\/\/2horizontes.com\/index.php?rest_route=\/wp\/v2\/posts\/59321\/revisions\/59323"}],"wp:featuredmedia":[{"embeddable":true,"href":"https:\/\/2horizontes.com\/index.php?rest_route=\/wp\/v2\/media\/59322"}],"wp:attachment":[{"href":"https:\/\/2horizontes.com\/index.php?rest_route=%2Fwp%2Fv2%2Fmedia&parent=59321"}],"wp:term":[{"taxonomy":"category","embeddable":true,"href":"https:\/\/2horizontes.com\/index.php?rest_route=%2Fwp%2Fv2%2Fcategories&post=59321"},{"taxonomy":"post_tag","embeddable":true,"href":"https:\/\/2horizontes.com\/index.php?rest_route=%2Fwp%2Fv2%2Ftags&post=59321"}],"curies":[{"name":"wp","href":"https:\/\/api.w.org\/{rel}","templated":true}]}}