{"id":59224,"date":"2016-10-25T12:56:50","date_gmt":"2016-10-25T11:56:50","guid":{"rendered":"http:\/\/2horizontes.com\/?p=59224"},"modified":"2016-10-25T12:56:50","modified_gmt":"2016-10-25T11:56:50","slug":"detenidos-dos-marroquies-en-eivissa-durante-una-operacion-antiyihadista","status":"publish","type":"post","link":"https:\/\/2horizontes.com\/?p=59224","title":{"rendered":"Detenidos dos marroqu\u00edes en Eivissa durante una operaci\u00f3n antiyihadista"},"content":{"rendered":"<p>La Guardia Civil ha detenido esta madrugada a dos marroqu\u00edes en Eivissa durante una operaci\u00f3n antiyihadista en Baleares. Se trata de dos imanes de la mezquita de Masllid al Fath. Seg\u00fan ha informado el ministerio del Interior, estas personas estar\u00edan dando su apoyo al grupo terrorista DAESH.<\/p>\n<p>Los detenidos, A.E.M. y J.R., de 31 y 35 a\u00f1os, comenzaron a incrementar su actividad en internet y redes sociales en 2012, coincidiendo con el fen\u00f3meno de las primaveras \u00e1rabes y el \u00e9xodo masivo de combatientes extranjeros para integrarse en las filas del grupo terrorista DAESH en Siria e Irak, a\u00f1ade el ministerio en un comunicado.<\/p>\n<p>Con estas dos detenciones, desde 2015, a\u00f1o en que se elev\u00f3 a 4 el Nivel de Alerta Antiterrorista, las Fuerzas y Cuerpos de Seguridad han detenido a 156 yihadistas.<\/p>\n<p>Seg\u00fan se se\u00f1ala en el comunicado de Interior, a los investigadores les preocupaba \u201cla influencia que ambos individuos ten\u00edan sobre los integrantes de la comunidad isl\u00e1mica de Eivissa, destacando como especialmente grave, el \u00e1mbito de los menores que asisten a las clases impartidas por ellos mismos en la mezquita\u201d.<\/p>\n<p>El detenido identificado como A.E.M. usaba su cuenta de Facebook como plataforma para hacer propaganda del DAESH y para realizar gestiones propias de la comunidad isl\u00e1mica que dirig\u00eda. En ese mismo perfil se apoyaba directamente al grupo terrorista y se facilitaba el acceso a productos medi\u00e1ticos del DAESH como v\u00eddeos o enlaces a diversas publicaciones.<\/p>\n","protected":false},"excerpt":{"rendered":"<p>La Guardia Civil ha detenido esta madrugada a dos marroqu\u00edes en Eivissa durante una operaci\u00f3n antiyihadista en Baleares. Se trata de dos imanes de la mezquita de Masllid al Fath. Seg\u00fan ha informado el ministerio del Interior, estas personas estar\u00edan dando su apoyo al grupo terrorista DAESH. Los detenidos, A.E.M. y J.R., de 31 y [&hellip;]<\/p>\n","protected":false},"author":3,"featured_media":59225,"comment_status":"open","ping_status":"open","sticky":false,"template":"","format":"standard","meta":{"footnotes":""},"categories":[85],"tags":[],"class_list":["post-59224","post","type-post","status-publish","format-standard","has-post-thumbnail","hentry","category-espana"],"_links":{"self":[{"href":"https:\/\/2horizontes.com\/index.php?rest_route=\/wp\/v2\/posts\/59224","targetHints":{"allow":["GET"]}}],"collection":[{"href":"https:\/\/2horizontes.com\/index.php?rest_route=\/wp\/v2\/posts"}],"about":[{"href":"https:\/\/2horizontes.com\/index.php?rest_route=\/wp\/v2\/types\/post"}],"author":[{"embeddable":true,"href":"https:\/\/2horizontes.com\/index.php?rest_route=\/wp\/v2\/users\/3"}],"replies":[{"embeddable":true,"href":"https:\/\/2horizontes.com\/index.php?rest_route=%2Fwp%2Fv2%2Fcomments&post=59224"}],"version-history":[{"count":1,"href":"https:\/\/2horizontes.com\/index.php?rest_route=\/wp\/v2\/posts\/59224\/revisions"}],"predecessor-version":[{"id":59226,"href":"https:\/\/2horizontes.com\/index.php?rest_route=\/wp\/v2\/posts\/59224\/revisions\/59226"}],"wp:featuredmedia":[{"embeddable":true,"href":"https:\/\/2horizontes.com\/index.php?rest_route=\/wp\/v2\/media\/59225"}],"wp:attachment":[{"href":"https:\/\/2horizontes.com\/index.php?rest_route=%2Fwp%2Fv2%2Fmedia&parent=59224"}],"wp:term":[{"taxonomy":"category","embeddable":true,"href":"https:\/\/2horizontes.com\/index.php?rest_route=%2Fwp%2Fv2%2Fcategories&post=59224"},{"taxonomy":"post_tag","embeddable":true,"href":"https:\/\/2horizontes.com\/index.php?rest_route=%2Fwp%2Fv2%2Ftags&post=59224"}],"curies":[{"name":"wp","href":"https:\/\/api.w.org\/{rel}","templated":true}]}}