{"id":5917,"date":"2015-05-06T08:43:15","date_gmt":"2015-05-06T07:43:15","guid":{"rendered":"http:\/\/2horizontes.com\/?p=5917"},"modified":"2015-05-06T08:43:15","modified_gmt":"2015-05-06T07:43:15","slug":"la-56a-bienal-de-venecia-una-explosion-de-arte-sociopolitico","status":"publish","type":"post","link":"https:\/\/2horizontes.com\/?p=5917","title":{"rendered":"La 56\u00aa Bienal de Venecia, una explosi\u00f3n de arte sociopolitico"},"content":{"rendered":"<p>Okwui Enwezor (Calabar, Nigeria, 1963) anunci\u00f3, desde que fue elegido para comisariar la Exposici\u00f3n general de la 56\u00aa edici\u00f3n de la Bienal de Venecia titulada <em>Todos los mundos futuros,<\/em>que quer\u00eda la implicaci\u00f3n de los artistas en el convulso momento que se vive en el planeta. El cr\u00edtico nigeriano pretend\u00eda que el arte contempor\u00e1neo volviera a recobrar la importancia que ha tenido cuando las circunstancias hist\u00f3ricas as\u00ed lo han requerido. Y por lo que se puede ver en los pabellones de estos aut\u00e9nticos juegos ol\u00edmpicos del arte, Enwezor ha conseguido de sobra su objetivo.<\/p>\n<p><!--more--><\/p>\n<p>La emigraci\u00f3n, el hambre, las persecuciones pol\u00edticas, la discriminaci\u00f3n sexual o el cambio clim\u00e1tico son algunos de los temas que empapan las obras (gran predominio de v\u00eddeo y fotograf\u00eda) expuestas a lo largo y ancho de los Giardini y el Arsenale. Se abre as\u00ed una bienal con m\u00e1s de 60 exposiciones de primer nivel en los llamados eventos colaterales (Mario Mertz, Charles y Jackson Pollock, Cy Twombly, Jaume Plensa, Albert Serra, Sebasti\u00e3o Salgado, Fabrizio Plessi, o la importancia de la copia en el Arte Antiguo). Mientras llega la apertura oficial, este s\u00e1bado (la Bienal se alargar\u00e1 hasta finales de noviembre), las embarcaciones de lujo copan ya las aguas de la laguna con coleccionistas multimillonarios y famosos como Cate Blanchett, la musa de Armani que ha llegado a promocionar el pabell\u00f3n de su pa\u00eds, Australia. Muchos vienen de la Expo de Milan, cuya celebraci\u00f3n ha hecho que la Bienal se adelantara un mes, en una apuesta ins\u00f3lita por el turismo por parte del gobierno italiano, que espera superar los cuatro millones de visitantes entre ambas manifestaciones.<\/p>\n<p>Okwui Enwezor daba ayer por cumplidos sus objetivos. El comisario de este inmenso guateque art\u00edstico explic\u00f3 que \u00e9l personalmente hab\u00eda elegido a cada uno de los 136 artistas de 36 pa\u00edses que participan en esta reflexi\u00f3n sobre los futuros del mundo. \u201cCada uno de ellos representa mi propia biograf\u00eda porque les preocupan los mismos temas que a m\u00ed y todos abordan tragedias de un siglo terrible y de un presente que no apunta soluciones\u201d, explic\u00f3.<\/p>\n<p>La selecci\u00f3n de Enwezor combina nombres famos\u00edsimos en el mundo del arte con otros desconocidos o con poca obra realizada. Junto a Boltanski, Steve McQueen, Broodthaers, Jeremy Deller, Marlene Dumas, James Marshall, Bruce Nauman, Obert Smithson o Walker Evans hay un grupo potente de semidesconocidos, y un 25% de j\u00f3venes creadores africanos que han provocado las cr\u00edticas de algunos periodistas. \u201cYo no he escogido a nadie por su color\u201d, asegura tajante el comisario, quien a\u00f1ade: \u201cHay artistas negros buenos y hay artistas negros malos. Ocurre lo mismo en todas las razas\u201d.<\/p>\n<p>La que no est\u00e1 muy bien representada, por cierto, es Espa\u00f1a, al menos en cuanto a n\u00famero de artistas. S\u00f3lo a \u00faltima hora ha sido incluida Dora Garc\u00eda, creadora conceptual que ya estuvo en el Pabell\u00f3n de Espa\u00f1a en 2011 con una pieza bucle que se desarrollaba a lo largo de la bienal. De Latinoam\u00e9rica llegan el colombiano Oscar Murillo, la cubana Tania Bruguera (aunque, al igual que en Arco, ayer segu\u00eda sin saberse oficialmente si puede viajar) o el t\u00e1ndem afincado en Puerto Rico Allora &amp; Calzadilla.<\/p>\n<p>De la chilena Paz Errazuriz procede una de las obras m\u00e1s conmovedoras de la exposici\u00f3n. La artista recurre a los archivos de im\u00e1genes de la dictadura de Pinochet para hablar de v\u00edctimas doblemente olvidadas. Son travestis y transexuales que fueron crudamente perseguidos y muchos de ellos exterminados sin que despu\u00e9s nadie les reconociera como h\u00e9roes; un olvido similar al sufrido por los gitanos durante el exterminio nazi.<\/p>\n<p>En un recorrido apresurado por esta gigantesca exposici\u00f3n llama la atenci\u00f3n el peso que han recuperado el v\u00eddeo y la fotograf\u00eda como soportes, algo que tiene que ver con la petici\u00f3n del comisario de recuperar la palabra para narrar historias de manera comprensible para el espectador.<\/p>\n<p>La memoria del exterminio armenio no pod\u00eda faltar en este repaso a los grandes desastres de la historia reciente y el asesinato de mill\u00f3n y medio de armenios a manos de los turcos otomanos durante la I Guerra Mundial se recuerda con obras de 18 artistas en el monasterio de San L\u00e1zaro. Dentro de los actos colaterales, el pabell\u00f3n iraqu\u00ed recoge el drama creado por el Estado Isl\u00e1mico. El artista Haider Jabbar, refugiado residente en Turqu\u00eda, expone 2000 acuarelas con retratos de personas asesinadas por el ISIS.<\/p>\n<h2>Palabra de Carlos Marx<\/h2>\n<p>La palabra de Carlos Marx est\u00e1 presente de manera protagonista en esta 56\u00aa edici\u00f3n de la Bienal de Venecia. Dos actores leer\u00e1n en ingl\u00e9s, al menos dos veces al d\u00eda y durante los siete meses que dura la exposici\u00f3n los tres vol\u00famenes de <em>El capital<\/em>, de Marx, en una <em>performance <\/em>dirigida por el videoartista Isac Julien (Londres, 1960). Los lectores \u2014un chico y una chica\u2014 leen sobre un escenario con capacidad para cien personas. Dos monitores gigantes proyectan el texto recitado, en ingl\u00e9s y en alem\u00e1n, la lengua en la que fue publicado en 1867.<\/p>\n<p>El director art\u00edstico de la Bienal, Okwui Enwezor, ha propuesto la palabra de Marx porque \u201c<em>El capital<\/em> es el drama de nuestra \u00e9poca, que tiene que ver con cada esfera de nuestra existencia y gobierna los dos sitios donde se produce la econom\u00eda: la f\u00e1brica y la Bolsa\u201d. No se trata de una secuencia de escenas documentales como en el telediario, sino de \u201cuna pol\u00edtica de la forma respecto a lo que el arte puede producir\u201d, explica Enwezor.<\/p>\n<p>\u00c9l ha escogido personalmente a cada uno de los 136 participantes porque su obra ha sido influida por la lectura de <em>El Capital.<\/em> \u201cCada uno de los artistas presentes representa mi biograf\u00eca y todos abordan temas de un siglo terrible\u201d, declaraba ayer el comisario, que defiende la necesidad de una actitud m\u00e1s cr\u00edtica por parte de los artistas.<\/p>\n","protected":false},"excerpt":{"rendered":"<p>Okwui Enwezor (Calabar, Nigeria, 1963) anunci\u00f3, desde que fue elegido para comisariar la Exposici\u00f3n general de la 56\u00aa edici\u00f3n de la Bienal de Venecia titulada Todos los mundos futuros,que quer\u00eda la implicaci\u00f3n de los artistas en el convulso momento que se vive en el planeta. El cr\u00edtico nigeriano pretend\u00eda que el arte contempor\u00e1neo volviera a [&hellip;]<\/p>\n","protected":false},"author":2,"featured_media":5918,"comment_status":"open","ping_status":"open","sticky":false,"template":"","format":"standard","meta":{"footnotes":""},"categories":[62,40],"tags":[],"class_list":["post-5917","post","type-post","status-publish","format-standard","has-post-thumbnail","hentry","category-cultura","category-internacionales"],"_links":{"self":[{"href":"https:\/\/2horizontes.com\/index.php?rest_route=\/wp\/v2\/posts\/5917","targetHints":{"allow":["GET"]}}],"collection":[{"href":"https:\/\/2horizontes.com\/index.php?rest_route=\/wp\/v2\/posts"}],"about":[{"href":"https:\/\/2horizontes.com\/index.php?rest_route=\/wp\/v2\/types\/post"}],"author":[{"embeddable":true,"href":"https:\/\/2horizontes.com\/index.php?rest_route=\/wp\/v2\/users\/2"}],"replies":[{"embeddable":true,"href":"https:\/\/2horizontes.com\/index.php?rest_route=%2Fwp%2Fv2%2Fcomments&post=5917"}],"version-history":[{"count":1,"href":"https:\/\/2horizontes.com\/index.php?rest_route=\/wp\/v2\/posts\/5917\/revisions"}],"predecessor-version":[{"id":5919,"href":"https:\/\/2horizontes.com\/index.php?rest_route=\/wp\/v2\/posts\/5917\/revisions\/5919"}],"wp:featuredmedia":[{"embeddable":true,"href":"https:\/\/2horizontes.com\/index.php?rest_route=\/wp\/v2\/media\/5918"}],"wp:attachment":[{"href":"https:\/\/2horizontes.com\/index.php?rest_route=%2Fwp%2Fv2%2Fmedia&parent=5917"}],"wp:term":[{"taxonomy":"category","embeddable":true,"href":"https:\/\/2horizontes.com\/index.php?rest_route=%2Fwp%2Fv2%2Fcategories&post=5917"},{"taxonomy":"post_tag","embeddable":true,"href":"https:\/\/2horizontes.com\/index.php?rest_route=%2Fwp%2Fv2%2Ftags&post=5917"}],"curies":[{"name":"wp","href":"https:\/\/api.w.org\/{rel}","templated":true}]}}