{"id":59094,"date":"2016-10-21T14:58:54","date_gmt":"2016-10-21T13:58:54","guid":{"rendered":"http:\/\/2horizontes.com\/?p=59094"},"modified":"2016-10-21T15:05:05","modified_gmt":"2016-10-21T14:05:05","slug":"maite-delgado-no-pude-dormir-con-el-amargo-sabor-de-la-opresion","status":"publish","type":"post","link":"https:\/\/2horizontes.com\/?p=59094","title":{"rendered":"Maite Delgado: \u00abNo pude dormir con el amargo sabor de la opresi\u00f3n\u00bb"},"content":{"rendered":"<p>VNEZUELA.- Maite Delgado, animadora venezolana, public\u00f3 un mensaje en Instagram luego de que el Consejo Nacional Electoral acatara la decisi\u00f3n de cinco tribunales penales que ordenaron suspender temporalmente la recolecci\u00f3n de 20% del registro electoral en firmas para activar el refer\u00e9ndum revocatorio presidencial.<\/p>\n<p>\u201cNo pude dormir, como millones de venezolanos. Nos acostamos con el amargo sabor de la opresi\u00f3n y nos levantamos llenos de dolor, de impotencia, de mucha confusi\u00f3n y de incertidumbre\u2026 \u00bfPara donde vamos, con qui\u00e9n? Son demasiadas preguntas. Son horas en las que nos estamos jugando mucho y le pido a Dios que ilumine a quienes en sus manos tienen la posibilidad de devolverle a Venezuela la paz\u201d, detall\u00f3 la animadora en el mensaje.<\/p>\n<p>Los gobernadores de Carabobo, Apure, Aragua, Monagas y Bol\u00edvar informaron que los tribunales penales correspondientes decidieron anular los resultados de la recolecci\u00f3n de 1% del censo electoral en firmas, debido a la \u201cfalsa atestaci\u00f3n ante funcionario p\u00fablico, aprovechamiento de acto falso y suministro de datos falsos al Poder Electoral\u201d.<\/p>\n","protected":false},"excerpt":{"rendered":"<p>VNEZUELA.- Maite Delgado, animadora venezolana, public\u00f3 un mensaje en Instagram luego de que el Consejo Nacional Electoral acatara la decisi\u00f3n de cinco tribunales penales que ordenaron suspender temporalmente la recolecci\u00f3n de 20% del registro electoral en firmas para activar el refer\u00e9ndum revocatorio presidencial. \u201cNo pude dormir, como millones de venezolanos. Nos acostamos con el amargo [&hellip;]<\/p>\n","protected":false},"author":13240,"featured_media":59097,"comment_status":"open","ping_status":"open","sticky":false,"template":"","format":"standard","meta":{"footnotes":""},"categories":[89,1,40,43,48],"tags":[],"class_list":["post-59094","post","type-post","status-publish","format-standard","has-post-thumbnail","hentry","category-cronica","category-entretenimiento","category-internacionales","category-politica","category-venezuela"],"_links":{"self":[{"href":"https:\/\/2horizontes.com\/index.php?rest_route=\/wp\/v2\/posts\/59094","targetHints":{"allow":["GET"]}}],"collection":[{"href":"https:\/\/2horizontes.com\/index.php?rest_route=\/wp\/v2\/posts"}],"about":[{"href":"https:\/\/2horizontes.com\/index.php?rest_route=\/wp\/v2\/types\/post"}],"author":[{"embeddable":true,"href":"https:\/\/2horizontes.com\/index.php?rest_route=\/wp\/v2\/users\/13240"}],"replies":[{"embeddable":true,"href":"https:\/\/2horizontes.com\/index.php?rest_route=%2Fwp%2Fv2%2Fcomments&post=59094"}],"version-history":[{"count":3,"href":"https:\/\/2horizontes.com\/index.php?rest_route=\/wp\/v2\/posts\/59094\/revisions"}],"predecessor-version":[{"id":59103,"href":"https:\/\/2horizontes.com\/index.php?rest_route=\/wp\/v2\/posts\/59094\/revisions\/59103"}],"wp:featuredmedia":[{"embeddable":true,"href":"https:\/\/2horizontes.com\/index.php?rest_route=\/wp\/v2\/media\/59097"}],"wp:attachment":[{"href":"https:\/\/2horizontes.com\/index.php?rest_route=%2Fwp%2Fv2%2Fmedia&parent=59094"}],"wp:term":[{"taxonomy":"category","embeddable":true,"href":"https:\/\/2horizontes.com\/index.php?rest_route=%2Fwp%2Fv2%2Fcategories&post=59094"},{"taxonomy":"post_tag","embeddable":true,"href":"https:\/\/2horizontes.com\/index.php?rest_route=%2Fwp%2Fv2%2Ftags&post=59094"}],"curies":[{"name":"wp","href":"https:\/\/api.w.org\/{rel}","templated":true}]}}