{"id":59076,"date":"2016-10-21T09:28:27","date_gmt":"2016-10-21T08:28:27","guid":{"rendered":"http:\/\/2horizontes.com\/?p=59076"},"modified":"2016-10-21T09:28:27","modified_gmt":"2016-10-21T08:28:27","slug":"la-madre-de-diana-quer-cree-que-su-hija-puede-estar-en-estados-unidos","status":"publish","type":"post","link":"https:\/\/2horizontes.com\/?p=59076","title":{"rendered":"La madre de Diana Quer cree que su hija puede estar en Estados Unidos"},"content":{"rendered":"<p>La madre de Diana Quer, Diana L\u00f3pez-Pinel, cree que su hija se puede encontrar en Estados Unidos. Por ello ha pedido a asociaci\u00f3n Sos Desparecidos que lance una alerta internacional en varios estados del pa\u00eds americano con la esperanza de encontrar all\u00ed a su hija. El coordinador nacional de Sosdesapercidos, Joaqu\u00edn Amills, ha confirmado a LaVanguardia que la alerta se ha activado \u201cesta ma\u00f1ana\u201d y que la petici\u00f3n de la madre les lleg\u00f3 \u201cel martes por la noche\u201d.<\/p>\n<p>Tenesse, Virginia, Florida y Carolina del Norte y del Sur son los estados sobre los que se ha emitido el aviso con la esperanza de que la colaboraci\u00f3n de los enlaces en EE.UU. puedan dar pistas sobre el paradero de la joven madrile\u00f1a desparecida en A Pobra do Carami\u00f1al (A Coru\u00f1a) el pasado agosto cuando estaba de vacaciones con su madre y su hermana. El prop\u00f3sito de la alerta, ha explicado Amills, es que se haga el m\u00e1ximo de difusi\u00f3n que pueda aportar alguna pista sobre Diana.<\/p>\n<p>El coordinador de Sos Desparecidos ha explicado que hace dos semanas que no reciben informaciones sobre la joven madrile\u00f1a que desapareci\u00f3 hace ya dos meses. El pasado septiembre ya se lanzaron alertas sobre Diana a pa\u00edses vecinos difundiendo carteles en Portugal, B\u00e9lgica, Italia, Suiza y Francia.<\/p>\n","protected":false},"excerpt":{"rendered":"<p>La madre de Diana Quer, Diana L\u00f3pez-Pinel, cree que su hija se puede encontrar en Estados Unidos. Por ello ha pedido a asociaci\u00f3n Sos Desparecidos que lance una alerta internacional en varios estados del pa\u00eds americano con la esperanza de encontrar all\u00ed a su hija. El coordinador nacional de Sosdesapercidos, Joaqu\u00edn Amills, ha confirmado a [&hellip;]<\/p>\n","protected":false},"author":3,"featured_media":59077,"comment_status":"open","ping_status":"open","sticky":false,"template":"","format":"standard","meta":{"footnotes":""},"categories":[85],"tags":[],"class_list":["post-59076","post","type-post","status-publish","format-standard","has-post-thumbnail","hentry","category-espana"],"_links":{"self":[{"href":"https:\/\/2horizontes.com\/index.php?rest_route=\/wp\/v2\/posts\/59076","targetHints":{"allow":["GET"]}}],"collection":[{"href":"https:\/\/2horizontes.com\/index.php?rest_route=\/wp\/v2\/posts"}],"about":[{"href":"https:\/\/2horizontes.com\/index.php?rest_route=\/wp\/v2\/types\/post"}],"author":[{"embeddable":true,"href":"https:\/\/2horizontes.com\/index.php?rest_route=\/wp\/v2\/users\/3"}],"replies":[{"embeddable":true,"href":"https:\/\/2horizontes.com\/index.php?rest_route=%2Fwp%2Fv2%2Fcomments&post=59076"}],"version-history":[{"count":1,"href":"https:\/\/2horizontes.com\/index.php?rest_route=\/wp\/v2\/posts\/59076\/revisions"}],"predecessor-version":[{"id":59078,"href":"https:\/\/2horizontes.com\/index.php?rest_route=\/wp\/v2\/posts\/59076\/revisions\/59078"}],"wp:featuredmedia":[{"embeddable":true,"href":"https:\/\/2horizontes.com\/index.php?rest_route=\/wp\/v2\/media\/59077"}],"wp:attachment":[{"href":"https:\/\/2horizontes.com\/index.php?rest_route=%2Fwp%2Fv2%2Fmedia&parent=59076"}],"wp:term":[{"taxonomy":"category","embeddable":true,"href":"https:\/\/2horizontes.com\/index.php?rest_route=%2Fwp%2Fv2%2Fcategories&post=59076"},{"taxonomy":"post_tag","embeddable":true,"href":"https:\/\/2horizontes.com\/index.php?rest_route=%2Fwp%2Fv2%2Ftags&post=59076"}],"curies":[{"name":"wp","href":"https:\/\/api.w.org\/{rel}","templated":true}]}}