{"id":59070,"date":"2016-10-21T09:24:22","date_gmt":"2016-10-21T08:24:22","guid":{"rendered":"http:\/\/2horizontes.com\/?p=59070"},"modified":"2016-10-21T09:24:22","modified_gmt":"2016-10-21T08:24:22","slug":"gran-hermano-17-expulsado-nominados-y-microencuentros-en-gh-17","status":"publish","type":"post","link":"https:\/\/2horizontes.com\/?p=59070","title":{"rendered":"Gran Hermano 17\u2019: Expulsado, nominados y microencuentros en \u2018GH 17\u2019"},"content":{"rendered":"<p>S\u00e9ptima gala de Gran Hermano 17. Despu\u00e9s de un intenso Debate y L\u00edmite 48 horas, Jordi Gonz\u00e1lez ha dejado paso a Jorge Javier V\u00e1zquez que ha presentado una velada repleta de tensiones, novedades y oportunidades de dejar de lado las cientos de discrepancias que hay entre algunos concursantes de Guadalix de la Sierra. No obstante, como cada jueves, la gala ha estado marcada por la expulsi\u00f3n y las nuevas nominaciones. Recordamos que B\u00e1rbara, Noelia y Fernando han sido los tres participantes que se han enfrentado al veredicto de la audiencia.<\/p>\n<p>Por otro lado, el concursante 17 de Gran Hermano ha dejado de tomar decisiones en la velada de esta noche. La organizaci\u00f3n de GH 17 ha cogido el relevo del p\u00fablico para organizar alg\u00fan que otro encuentro sorpresa durante esta s\u00e9ptima gala. Y es que, no todos los concursantes de Guadalix han tenido la oportunidad de estar aislados durante 48 horas en el Apartamento y esta noche, algunos de ellos, han podido reunirse a solar para hablar de sus diferencias.<\/p>\n<p>Adem\u00e1s, Jes\u00fas V\u00e1zquez ha sido el invitado estrella de la gala. El presentador de La Voz, tras ganar el Premio Ondas al Mejor programa de entretenimiento y presentar el mi\u00e9rcoles la \u00faltima gala de Audiciones a ciegas, ha visitado Guadalix para ser el anfitri\u00f3n de la prueba para acceder al Club de GH 17 y dar alg\u00fan que otro consejo a los concursantes.<\/p>\n<p>Microencuentros a solas entre los concursantes<\/p>\n<p>Como ha afirmado Jorge Javier V\u00e1zquez al inicio de la gala, esta noche algunos concursantes se han encontrado a solas en la sala de expulsiones para intentar pacificar un poco la casa de Guadalix que est\u00e1 m\u00e1s tensa que nunca. Concretamente, ha habido seis peque\u00f1os encuentros que, sinceramente, de poco han servido. Una invenci\u00f3n de la organizaci\u00f3n del concurso un poco lenta y aburrida en la que imagino que esperaban que los concursantes se mojaran un poco m\u00e1s para bien o para mal.<\/p>\n<p>B\u00e1rbara se ha podido encontrar a solas con Fernando y Clara, Adara ha tenido unos minutos con Clara y Miguel, y Rebeca ha compartido unas palabras a solas con Meritxell. Posiblemente, estos encuentros han sido los m\u00e1s esperados. La mayor\u00eda de los participantes han prometido intentar solucionar las cosas en caso de que vuelvan a Guadalix pero, como ya he dicho, poco convincentes han sonado las palabras de los aislados. Veremos cuanto tardan en volver a resonar por las cuatro paredes de la casa de GH 17 los gritos de B\u00e1rbara, Clara, Adara.<\/p>\n<p>Sin duda, esta noche la expulsi\u00f3n se ha hecho esperar. Tras los peque\u00f1os encuentros del inicio de la velada, B\u00e1rbara, Fernando y Noelia se han dirigido a la sala de expulsiones, el habit\u00e1culo m\u00e1s temido de Guadalix de la Sierra. All\u00ed, Jorge Javier V\u00e1zquez ha conectado con los tres nominados para repetir una vez m\u00e1s las palabras m\u00e1gicas. Recordamos que ha sido la primera vez para Noelia y Fer y para el andaluz la \u00faltima.<\/p>\n<p>\u201cLa audiencia ha decidido que debe abandonar la casa\u2026 \u00a1Fernando!\u201d ha exclamado el presentador catal\u00e1n. De esta manera, Fernando pierde la batalla contra B\u00e1rbara que vuelve a la casa de nuevo junto a Noelia. Queda constatado que la bloguera, que consigue salvarse semana si semana tambi\u00e9n, es un hueso duro de pelar. Una pena ya que, por lo bueno o por lo malo, se va uno de los concursantes m\u00e1s relevantes de esta edici\u00f3n.<\/p>\n","protected":false},"excerpt":{"rendered":"<p>S\u00e9ptima gala de Gran Hermano 17. Despu\u00e9s de un intenso Debate y L\u00edmite 48 horas, Jordi Gonz\u00e1lez ha dejado paso a Jorge Javier V\u00e1zquez que ha presentado una velada repleta de tensiones, novedades y oportunidades de dejar de lado las cientos de discrepancias que hay entre algunos concursantes de Guadalix de la Sierra. No obstante, [&hellip;]<\/p>\n","protected":false},"author":3,"featured_media":59071,"comment_status":"open","ping_status":"open","sticky":false,"template":"","format":"standard","meta":{"footnotes":""},"categories":[1],"tags":[],"class_list":["post-59070","post","type-post","status-publish","format-standard","has-post-thumbnail","hentry","category-entretenimiento"],"_links":{"self":[{"href":"https:\/\/2horizontes.com\/index.php?rest_route=\/wp\/v2\/posts\/59070","targetHints":{"allow":["GET"]}}],"collection":[{"href":"https:\/\/2horizontes.com\/index.php?rest_route=\/wp\/v2\/posts"}],"about":[{"href":"https:\/\/2horizontes.com\/index.php?rest_route=\/wp\/v2\/types\/post"}],"author":[{"embeddable":true,"href":"https:\/\/2horizontes.com\/index.php?rest_route=\/wp\/v2\/users\/3"}],"replies":[{"embeddable":true,"href":"https:\/\/2horizontes.com\/index.php?rest_route=%2Fwp%2Fv2%2Fcomments&post=59070"}],"version-history":[{"count":1,"href":"https:\/\/2horizontes.com\/index.php?rest_route=\/wp\/v2\/posts\/59070\/revisions"}],"predecessor-version":[{"id":59072,"href":"https:\/\/2horizontes.com\/index.php?rest_route=\/wp\/v2\/posts\/59070\/revisions\/59072"}],"wp:featuredmedia":[{"embeddable":true,"href":"https:\/\/2horizontes.com\/index.php?rest_route=\/wp\/v2\/media\/59071"}],"wp:attachment":[{"href":"https:\/\/2horizontes.com\/index.php?rest_route=%2Fwp%2Fv2%2Fmedia&parent=59070"}],"wp:term":[{"taxonomy":"category","embeddable":true,"href":"https:\/\/2horizontes.com\/index.php?rest_route=%2Fwp%2Fv2%2Fcategories&post=59070"},{"taxonomy":"post_tag","embeddable":true,"href":"https:\/\/2horizontes.com\/index.php?rest_route=%2Fwp%2Fv2%2Ftags&post=59070"}],"curies":[{"name":"wp","href":"https:\/\/api.w.org\/{rel}","templated":true}]}}