{"id":59039,"date":"2016-10-20T11:25:55","date_gmt":"2016-10-20T10:25:55","guid":{"rendered":"http:\/\/2horizontes.com\/?p=59039"},"modified":"2016-10-20T11:25:55","modified_gmt":"2016-10-20T10:25:55","slug":"amanda-seyfried-confiesa-que-sufre-un-trastorno-obsesivo-compulsivo","status":"publish","type":"post","link":"https:\/\/2horizontes.com\/?p=59039","title":{"rendered":"Amanda Seyfried confiesa que sufre un trastorno obsesivo-compulsivo"},"content":{"rendered":"<p>Amanda Seyfried ha concedido una entrevista a la revista Allure en la que habla de la enfermedad mental que padece, adem\u00e1s de ansiedad y depresi\u00f3n. La actriz se ha mostrado m\u00e1s franca que nunca y comenta abiertamente que sufre un trastorno obsesivo-compulsivo (TOC) desde los 19 a\u00f1os. Desde esa edad, la int\u00e9rprete de Chicas malas toma medicamentos para paliar los efectos que provoca dicho trastorno como pensamientos intrusivos, recurrentes y persistentes, que producen inquietud, temor y preocupaci\u00f3n.<\/p>\n<p>Seyfried, de 30 a\u00f1os, ha confesado que este trastorno le fue diagnosticado despu\u00e9s de acudir al m\u00e9dico pensando que ten\u00eda un tumor en la cabeza. \u201cTen\u00eda mucha ansiedad que ven\u00eda del TOC y pens\u00e9 que ten\u00eda un tumor en el cerebro. Me hice una resonancia magn\u00e9tica y el neur\u00f3logo me mand\u00f3 al psiquiatra. A medida que envejezco, los pensamientos y temores compulsivos han disminuido mucho\u201d.<\/p>\n<p>\u201cEstoy tomando Lexapro, y nunca podr\u00e9 dejarlo. He estado tom\u00e1ndolo desde que ten\u00eda 19 a\u00f1os, por lo que ya son 11 a\u00f1os. Estoy en la dosis m\u00e1s baja. No veo el punto de dejarla. Se trate de un placebo o no, no quiero correr el riesgo. Una enfermedad mental es una cosa que la gente incluye en una categor\u00eda diferente, pero no creo que as\u00ed sea. Se debe tomar tan en serio como cualquier otra cosa\u201d, asegura.<\/p>\n","protected":false},"excerpt":{"rendered":"<p>Amanda Seyfried ha concedido una entrevista a la revista Allure en la que habla de la enfermedad mental que padece, adem\u00e1s de ansiedad y depresi\u00f3n. La actriz se ha mostrado m\u00e1s franca que nunca y comenta abiertamente que sufre un trastorno obsesivo-compulsivo (TOC) desde los 19 a\u00f1os. Desde esa edad, la int\u00e9rprete de Chicas malas [&hellip;]<\/p>\n","protected":false},"author":3,"featured_media":59040,"comment_status":"open","ping_status":"open","sticky":false,"template":"","format":"standard","meta":{"footnotes":""},"categories":[1],"tags":[],"class_list":["post-59039","post","type-post","status-publish","format-standard","has-post-thumbnail","hentry","category-entretenimiento"],"_links":{"self":[{"href":"https:\/\/2horizontes.com\/index.php?rest_route=\/wp\/v2\/posts\/59039","targetHints":{"allow":["GET"]}}],"collection":[{"href":"https:\/\/2horizontes.com\/index.php?rest_route=\/wp\/v2\/posts"}],"about":[{"href":"https:\/\/2horizontes.com\/index.php?rest_route=\/wp\/v2\/types\/post"}],"author":[{"embeddable":true,"href":"https:\/\/2horizontes.com\/index.php?rest_route=\/wp\/v2\/users\/3"}],"replies":[{"embeddable":true,"href":"https:\/\/2horizontes.com\/index.php?rest_route=%2Fwp%2Fv2%2Fcomments&post=59039"}],"version-history":[{"count":1,"href":"https:\/\/2horizontes.com\/index.php?rest_route=\/wp\/v2\/posts\/59039\/revisions"}],"predecessor-version":[{"id":59041,"href":"https:\/\/2horizontes.com\/index.php?rest_route=\/wp\/v2\/posts\/59039\/revisions\/59041"}],"wp:featuredmedia":[{"embeddable":true,"href":"https:\/\/2horizontes.com\/index.php?rest_route=\/wp\/v2\/media\/59040"}],"wp:attachment":[{"href":"https:\/\/2horizontes.com\/index.php?rest_route=%2Fwp%2Fv2%2Fmedia&parent=59039"}],"wp:term":[{"taxonomy":"category","embeddable":true,"href":"https:\/\/2horizontes.com\/index.php?rest_route=%2Fwp%2Fv2%2Fcategories&post=59039"},{"taxonomy":"post_tag","embeddable":true,"href":"https:\/\/2horizontes.com\/index.php?rest_route=%2Fwp%2Fv2%2Ftags&post=59039"}],"curies":[{"name":"wp","href":"https:\/\/api.w.org\/{rel}","templated":true}]}}