{"id":59027,"date":"2016-10-20T11:14:54","date_gmt":"2016-10-20T10:14:54","guid":{"rendered":"http:\/\/2horizontes.com\/?p=59027"},"modified":"2016-10-20T11:14:54","modified_gmt":"2016-10-20T10:14:54","slug":"el-tc-anula-la-decision-del-parlament-de-prohibir-los-toros-en-catalunya","status":"publish","type":"post","link":"https:\/\/2horizontes.com\/?p=59027","title":{"rendered":"El TC anula la decisi\u00f3n del Parlament de prohibir los toros en Catalunya"},"content":{"rendered":"<p>El Tribunal Constitucional (TC) ha emitido por fin un dictamen por el cual anula la decisi\u00f3n del Parlament de prohibir las corridas de toros en Catalunya, una decisi\u00f3n que manten\u00eda el veto a estos festejos en tierras catalanas desde que se aprobara el 28 de julio de 2010 la modificaci\u00f3n de ley de protecci\u00f3n de los animales a partir de una iniciativa legislativa popular (ILP) presentada por Prou con 180.000 firmas.<\/p>\n<p>La decisi\u00f3n del alto tribunal ya fue apuntada por La Vanguardia cuando daba cuenta de que el asunto estaba siendo objeto de deliberaci\u00f3n formal por parte de los magistrados. De hecho, fue el pasado martes cuando tuvo lugar la primera deliberaci\u00f3n sobre el proyecto de sentencia contraria a la prohibici\u00f3n. La ponente de la resoluci\u00f3n, la magistrada Encarna Roca, ya ten\u00eda concluido el texto desde hace semanas, pero aunque exist\u00eda un consenso mayoritario para anular la decisi\u00f3n del Parlament, el debate se centraba en la posibilidad de comprobar si era posible extender ese acuerdo mayoritario en aras de la unanimidad.<\/p>\n<p>Al parecer, un sector del TC discrepaba sobre una parte sustancial de la resoluci\u00f3n, en especial en relaci\u00f3n con el valor cultural y de inter\u00e9s social que se le pueda dar a la tauromaquia. Aun sin unanimidad, el pleno del TC ha resuelto la cuesti\u00f3n definitivamente tras someter a votaci\u00f3n la sentencia sobre el recurso que present\u00f3 el PP.<\/p>\n<p>Ante la esperada sentencia el Govern ya hab\u00eda reaccionado advirtiendo que el levantamiento de la prohibici\u00f3n no evitar\u00e1 que no se puedan realizar corridas en Catalunya. Tal y como avis\u00f3 el conseller de Territori i Sostenibilidad, Josep Rull, el Ejecutivo catal\u00e1n articular\u00e1 \u201ctodos los mecanismos normativos que haga falta\u201d para evitar que vuelvan los toros a Catalunya.<\/p>\n<p>Despu\u00e9s de reunirse en el Parlament con miembros de la plataforma antitaurina Prou y diputados de diferentes grupos pol\u00edticos, Rull afirm\u00f3 que \u201cno aceptaremos que se modifique lo que democr\u00e1ticamente aprob\u00f3 el Parlament\u201d. Para el conseller, en este conflicto \u201ccolisionan dos principios\u201d, ya que para el TC prevalece la tradici\u00f3n de la fiesta nacional pero para el Govern son prioritarios los derechos de los animales, y ha agradecido al sector antitaurino que se posicione a favor de la ley catalana.<\/p>\n","protected":false},"excerpt":{"rendered":"<p>El Tribunal Constitucional (TC) ha emitido por fin un dictamen por el cual anula la decisi\u00f3n del Parlament de prohibir las corridas de toros en Catalunya, una decisi\u00f3n que manten\u00eda el veto a estos festejos en tierras catalanas desde que se aprobara el 28 de julio de 2010 la modificaci\u00f3n de ley de protecci\u00f3n de [&hellip;]<\/p>\n","protected":false},"author":3,"featured_media":59028,"comment_status":"open","ping_status":"open","sticky":false,"template":"","format":"standard","meta":{"footnotes":""},"categories":[85],"tags":[],"class_list":["post-59027","post","type-post","status-publish","format-standard","has-post-thumbnail","hentry","category-espana"],"_links":{"self":[{"href":"https:\/\/2horizontes.com\/index.php?rest_route=\/wp\/v2\/posts\/59027","targetHints":{"allow":["GET"]}}],"collection":[{"href":"https:\/\/2horizontes.com\/index.php?rest_route=\/wp\/v2\/posts"}],"about":[{"href":"https:\/\/2horizontes.com\/index.php?rest_route=\/wp\/v2\/types\/post"}],"author":[{"embeddable":true,"href":"https:\/\/2horizontes.com\/index.php?rest_route=\/wp\/v2\/users\/3"}],"replies":[{"embeddable":true,"href":"https:\/\/2horizontes.com\/index.php?rest_route=%2Fwp%2Fv2%2Fcomments&post=59027"}],"version-history":[{"count":1,"href":"https:\/\/2horizontes.com\/index.php?rest_route=\/wp\/v2\/posts\/59027\/revisions"}],"predecessor-version":[{"id":59029,"href":"https:\/\/2horizontes.com\/index.php?rest_route=\/wp\/v2\/posts\/59027\/revisions\/59029"}],"wp:featuredmedia":[{"embeddable":true,"href":"https:\/\/2horizontes.com\/index.php?rest_route=\/wp\/v2\/media\/59028"}],"wp:attachment":[{"href":"https:\/\/2horizontes.com\/index.php?rest_route=%2Fwp%2Fv2%2Fmedia&parent=59027"}],"wp:term":[{"taxonomy":"category","embeddable":true,"href":"https:\/\/2horizontes.com\/index.php?rest_route=%2Fwp%2Fv2%2Fcategories&post=59027"},{"taxonomy":"post_tag","embeddable":true,"href":"https:\/\/2horizontes.com\/index.php?rest_route=%2Fwp%2Fv2%2Ftags&post=59027"}],"curies":[{"name":"wp","href":"https:\/\/api.w.org\/{rel}","templated":true}]}}