{"id":59023,"date":"2016-10-20T11:03:55","date_gmt":"2016-10-20T10:03:55","guid":{"rendered":"http:\/\/2horizontes.com\/?p=59023"},"modified":"2016-10-20T11:03:55","modified_gmt":"2016-10-20T10:03:55","slug":"colocan-una-cabeza-de-cerdo-en-la-estatua-de-franco-ante-el-born","status":"publish","type":"post","link":"https:\/\/2horizontes.com\/?p=59023","title":{"rendered":"Colocan una cabeza de cerdo en la estatua de Franco ante el Born"},"content":{"rendered":"<p>La estatua decapitada de Franco a caballo, que permanece expuesta frente al centro cultural Born de Barcelona, ha amanecido hoy con una cabeza de cerdo, que ya ha sido retirada por los servicios municipales.<\/p>\n<p>La estatua ecuestre, que forma parte de la exposici\u00f3n Franco, Victoria, Rep\u00fablica. Impunidad y espacio urbano\u00bb, ha originado una fuerte pol\u00e9mica pol\u00edtica desde que se anunci\u00f3 la colocaci\u00f3n de estatuas franquistas para ilustrar la citada muestra.<\/p>\n<p>La estatua ecuestre de Franco, que un d\u00eda apareci\u00f3 decapitada mientras permanec\u00eda en un almac\u00e9n municipal, ha sido objeto de todo tipo de ataques desde su instalaci\u00f3n en la v\u00eda p\u00fablica con motivo de la exposici\u00f3n, con el lanzamiento de huevos y pintura, o la colocaci\u00f3n de banderas independentistas e incluso de una mu\u00f1eca hinchable.<\/p>\n<p>La cabeza de cerdo ha sido colocada esta noche por unos desconocidos encima de la cabeza del caballo de la estatua ecuestre de Franco.<\/p>\n","protected":false},"excerpt":{"rendered":"<p>La estatua decapitada de Franco a caballo, que permanece expuesta frente al centro cultural Born de Barcelona, ha amanecido hoy con una cabeza de cerdo, que ya ha sido retirada por los servicios municipales. La estatua ecuestre, que forma parte de la exposici\u00f3n Franco, Victoria, Rep\u00fablica. Impunidad y espacio urbano\u00bb, ha originado una fuerte pol\u00e9mica [&hellip;]<\/p>\n","protected":false},"author":3,"featured_media":59024,"comment_status":"open","ping_status":"open","sticky":false,"template":"","format":"standard","meta":{"footnotes":""},"categories":[85],"tags":[],"class_list":["post-59023","post","type-post","status-publish","format-standard","has-post-thumbnail","hentry","category-espana"],"_links":{"self":[{"href":"https:\/\/2horizontes.com\/index.php?rest_route=\/wp\/v2\/posts\/59023","targetHints":{"allow":["GET"]}}],"collection":[{"href":"https:\/\/2horizontes.com\/index.php?rest_route=\/wp\/v2\/posts"}],"about":[{"href":"https:\/\/2horizontes.com\/index.php?rest_route=\/wp\/v2\/types\/post"}],"author":[{"embeddable":true,"href":"https:\/\/2horizontes.com\/index.php?rest_route=\/wp\/v2\/users\/3"}],"replies":[{"embeddable":true,"href":"https:\/\/2horizontes.com\/index.php?rest_route=%2Fwp%2Fv2%2Fcomments&post=59023"}],"version-history":[{"count":1,"href":"https:\/\/2horizontes.com\/index.php?rest_route=\/wp\/v2\/posts\/59023\/revisions"}],"predecessor-version":[{"id":59025,"href":"https:\/\/2horizontes.com\/index.php?rest_route=\/wp\/v2\/posts\/59023\/revisions\/59025"}],"wp:featuredmedia":[{"embeddable":true,"href":"https:\/\/2horizontes.com\/index.php?rest_route=\/wp\/v2\/media\/59024"}],"wp:attachment":[{"href":"https:\/\/2horizontes.com\/index.php?rest_route=%2Fwp%2Fv2%2Fmedia&parent=59023"}],"wp:term":[{"taxonomy":"category","embeddable":true,"href":"https:\/\/2horizontes.com\/index.php?rest_route=%2Fwp%2Fv2%2Fcategories&post=59023"},{"taxonomy":"post_tag","embeddable":true,"href":"https:\/\/2horizontes.com\/index.php?rest_route=%2Fwp%2Fv2%2Ftags&post=59023"}],"curies":[{"name":"wp","href":"https:\/\/api.w.org\/{rel}","templated":true}]}}