{"id":58976,"date":"2016-10-19T00:05:38","date_gmt":"2016-10-18T23:05:38","guid":{"rendered":"http:\/\/2horizontes.com\/?p=58976"},"modified":"2016-10-19T00:05:38","modified_gmt":"2016-10-18T23:05:38","slug":"diosdado-cabello-debemos-ponerle-dificil-el-revocatorio-a-la-oposicion","status":"publish","type":"post","link":"https:\/\/2horizontes.com\/?p=58976","title":{"rendered":"Diosdado Cabello: \u00abDebemos ponerle dif\u00edcil el revocatorio a la oposici\u00f3n\u00bb"},"content":{"rendered":"<p>El diputado a la Asamblea Nacional Diosdado Cabello reiter\u00f3 durante la movilizaci\u00f3n realizada en la plaza Morelos de Caracas que este a\u00f1o no habr\u00e1 revocatorio.<\/p>\n<p>\u201cSe lo dijimos desde un principio, en\u00a0 2016 revocatorio no hay y no por culpa nuestra\u201d, asegur\u00f3.<\/p>\n<p>Por otro lado, el primer vicepresidente del PSUV asegur\u00f3 que el trabajo del oficialismo es \u201cponerle dif\u00edcil\u201d a la Mesa de la Unidad Dem\u00f3cratica el proceso revocatorio.<\/p>\n<p>\u201cSi quieren revocatorio, hagan su trabajo. Que recojan las firmas, que no mientan, que no hagan fraude \u00bfQue debemos hacer los chavistas? Pon\u00e9rselas dif\u00edcil\u201d, afirm\u00f3.<\/p>\n","protected":false},"excerpt":{"rendered":"<p>El diputado a la Asamblea Nacional Diosdado Cabello reiter\u00f3 durante la movilizaci\u00f3n realizada en la plaza Morelos de Caracas que este a\u00f1o no habr\u00e1 revocatorio. \u201cSe lo dijimos desde un principio, en\u00a0 2016 revocatorio no hay y no por culpa nuestra\u201d, asegur\u00f3. Por otro lado, el primer vicepresidente del PSUV asegur\u00f3 que el trabajo del [&hellip;]<\/p>\n","protected":false},"author":13240,"featured_media":45972,"comment_status":"open","ping_status":"open","sticky":false,"template":"","format":"standard","meta":{"footnotes":""},"categories":[40,43,48],"tags":[],"class_list":["post-58976","post","type-post","status-publish","format-standard","has-post-thumbnail","hentry","category-internacionales","category-politica","category-venezuela"],"_links":{"self":[{"href":"https:\/\/2horizontes.com\/index.php?rest_route=\/wp\/v2\/posts\/58976","targetHints":{"allow":["GET"]}}],"collection":[{"href":"https:\/\/2horizontes.com\/index.php?rest_route=\/wp\/v2\/posts"}],"about":[{"href":"https:\/\/2horizontes.com\/index.php?rest_route=\/wp\/v2\/types\/post"}],"author":[{"embeddable":true,"href":"https:\/\/2horizontes.com\/index.php?rest_route=\/wp\/v2\/users\/13240"}],"replies":[{"embeddable":true,"href":"https:\/\/2horizontes.com\/index.php?rest_route=%2Fwp%2Fv2%2Fcomments&post=58976"}],"version-history":[{"count":1,"href":"https:\/\/2horizontes.com\/index.php?rest_route=\/wp\/v2\/posts\/58976\/revisions"}],"predecessor-version":[{"id":58977,"href":"https:\/\/2horizontes.com\/index.php?rest_route=\/wp\/v2\/posts\/58976\/revisions\/58977"}],"wp:featuredmedia":[{"embeddable":true,"href":"https:\/\/2horizontes.com\/index.php?rest_route=\/wp\/v2\/media\/45972"}],"wp:attachment":[{"href":"https:\/\/2horizontes.com\/index.php?rest_route=%2Fwp%2Fv2%2Fmedia&parent=58976"}],"wp:term":[{"taxonomy":"category","embeddable":true,"href":"https:\/\/2horizontes.com\/index.php?rest_route=%2Fwp%2Fv2%2Fcategories&post=58976"},{"taxonomy":"post_tag","embeddable":true,"href":"https:\/\/2horizontes.com\/index.php?rest_route=%2Fwp%2Fv2%2Ftags&post=58976"}],"curies":[{"name":"wp","href":"https:\/\/api.w.org\/{rel}","templated":true}]}}