{"id":58968,"date":"2016-10-18T23:35:52","date_gmt":"2016-10-18T22:35:52","guid":{"rendered":"http:\/\/2horizontes.com\/?p=58968"},"modified":"2016-10-18T23:36:59","modified_gmt":"2016-10-18T22:36:59","slug":"prision-preventiva-contra-agentes-dicrim-mataron-dos-presuntos-delincuentes-en-mao","status":"publish","type":"post","link":"https:\/\/2horizontes.com\/?p=58968","title":{"rendered":"Prisi\u00f3n preventiva contra agentes DICRIM mataron dos presuntos delincuentes en Mao"},"content":{"rendered":"<p>MAO. Una jueza de la Oficina de Servicios Judiciales de Atenci\u00f3n Permanente de esta provincia, impuso tres meses de prisi\u00f3n preventiva como medida de coerci\u00f3n contra tres agentes de la Polic\u00eda Nacional, acusados de la muerte de dos presuntos delincuentes frente a la Fortaleza Benito Monci\u00f3n, de aqu\u00ed.<\/p>\n<p>La magistrada Elizabeth Marte Liriano acogi\u00f3 las pruebas que present\u00f3 el Ministerio P\u00fablico en contra del oficial Ariendy Dipr\u00e9 y los suboficiales Francisco Alberto Hern\u00e1ndez del Orbe y Jos\u00e9 Luis Jim\u00e9nez Mercado, todos adscritos a la Direcci\u00f3n de Investigaciones Criminales (DICRIM), en Santiago.<\/p>\n<p>El grupo es acusado de la presunta ejecuci\u00f3n de Julio Alberto De Le\u00f3n Parra (Julio), y V\u00edctor Antonio M\u00e9ndez Tav\u00e1rez (Vitico), un hecho ocurrido el pasado ocho de este mes cuando le daban seguimiento por la comisi\u00f3n de varios hechos delictivos y homicidios que ocurrieron en Santiago.<\/p>\n<p>En el hecho, catado desde un tel\u00e9fono celular y posteriormente subido a las redes sociales, se observa cuando los agentes aparentemente ejecutaban a los dos presuntos delincuentes cuando se encontraban en el pavimento.<\/p>\n<p>No se inform\u00f3 en que Centro de Correcci\u00f3n y Rehabilitaci\u00f3n ser\u00e1n enviados los agentes del DICRIM.<\/p>\n","protected":false},"excerpt":{"rendered":"<p>MAO. Una jueza de la Oficina de Servicios Judiciales de Atenci\u00f3n Permanente de esta provincia, impuso tres meses de prisi\u00f3n preventiva como medida de coerci\u00f3n contra tres agentes de la Polic\u00eda Nacional, acusados de la muerte de dos presuntos delincuentes frente a la Fortaleza Benito Monci\u00f3n, de aqu\u00ed. La magistrada Elizabeth Marte Liriano acogi\u00f3 las [&hellip;]<\/p>\n","protected":false},"author":13240,"featured_media":58970,"comment_status":"open","ping_status":"open","sticky":false,"template":"","format":"standard","meta":{"footnotes":""},"categories":[84,53,44],"tags":[],"class_list":["post-58968","post","type-post","status-publish","format-standard","has-post-thumbnail","hentry","category-otras-noticias","category-provincias","category-republica-dominicana"],"_links":{"self":[{"href":"https:\/\/2horizontes.com\/index.php?rest_route=\/wp\/v2\/posts\/58968","targetHints":{"allow":["GET"]}}],"collection":[{"href":"https:\/\/2horizontes.com\/index.php?rest_route=\/wp\/v2\/posts"}],"about":[{"href":"https:\/\/2horizontes.com\/index.php?rest_route=\/wp\/v2\/types\/post"}],"author":[{"embeddable":true,"href":"https:\/\/2horizontes.com\/index.php?rest_route=\/wp\/v2\/users\/13240"}],"replies":[{"embeddable":true,"href":"https:\/\/2horizontes.com\/index.php?rest_route=%2Fwp%2Fv2%2Fcomments&post=58968"}],"version-history":[{"count":1,"href":"https:\/\/2horizontes.com\/index.php?rest_route=\/wp\/v2\/posts\/58968\/revisions"}],"predecessor-version":[{"id":58969,"href":"https:\/\/2horizontes.com\/index.php?rest_route=\/wp\/v2\/posts\/58968\/revisions\/58969"}],"wp:featuredmedia":[{"embeddable":true,"href":"https:\/\/2horizontes.com\/index.php?rest_route=\/wp\/v2\/media\/58970"}],"wp:attachment":[{"href":"https:\/\/2horizontes.com\/index.php?rest_route=%2Fwp%2Fv2%2Fmedia&parent=58968"}],"wp:term":[{"taxonomy":"category","embeddable":true,"href":"https:\/\/2horizontes.com\/index.php?rest_route=%2Fwp%2Fv2%2Fcategories&post=58968"},{"taxonomy":"post_tag","embeddable":true,"href":"https:\/\/2horizontes.com\/index.php?rest_route=%2Fwp%2Fv2%2Ftags&post=58968"}],"curies":[{"name":"wp","href":"https:\/\/api.w.org\/{rel}","templated":true}]}}