{"id":58877,"date":"2016-10-14T13:33:23","date_gmt":"2016-10-14T12:33:23","guid":{"rendered":"http:\/\/2horizontes.com\/?p=58877"},"modified":"2016-10-14T13:33:44","modified_gmt":"2016-10-14T12:33:44","slug":"pillan-a-un-conductor-con-restos-arqueologicos-de-2-000-anos-de-antiguedad-sin-permiso","status":"publish","type":"post","link":"https:\/\/2horizontes.com\/?p=58877","title":{"rendered":"Pillan a un conductor con restos arqueol\u00f3gicos de 2.000 a\u00f1os de antig\u00fcedad sin permiso"},"content":{"rendered":"<p>La Guardia Civil de la Jonquera decomis\u00f3 el pasado d\u00eda 2 a un ciudadano franc\u00e9s diversos objetos con m\u00e1s de 2.000 a\u00f1os de antig\u00fcedad catalogados como Patrimonio Hist\u00f3rico, seg\u00fan informa este jueves el instituto armado.<\/p>\n<p>Los hechos se produjeron cuando agentes de la Secci\u00f3n Fiscal de la Guardia Civil de La Jonquera realizaban un servicio rutinario y dieron el alto a un veh\u00edculo con matr\u00edcula francesa ocupado por una sola persona que circulaba direcci\u00f3n Francia.<\/p>\n<p>Los agentes identificaron al ocupante e inspeccionaron el autom\u00f3vil, en el que hallaron diversos objetos que, por su aspecto, podr\u00edan pertenecer al Patrimonio Hist\u00f3rico.<\/p>\n<p>Los agentes localizaron un saco que conten\u00eda plomo de tuber\u00edas romanas, un saco con trozos de diferentes \u00e1nforas, 14 cajas con diferentes huesos de animales sin catalogar, trozos de cer\u00e1mica y diferentes tipos de piedras y una piedra de molar, todo ello de entre el a\u00f1o 300 a. C a 100 d. C.<\/p>\n<p>Ante este hallazgo requirieron al conductor la documentaci\u00f3n que amparase su tenencia de estos objetos, pero como no pudo demostrar ni la autorizaci\u00f3n para su tenencia, ni para la exportaci\u00f3n, por lo que los agentes entendieron que se trataba de una exportaci\u00f3n ilegal.<\/p>\n<p>Por ello levantaron acta por Infracci\u00f3n Administrativa de Contrabando que fue remitida a dependencias de Aduanas e Impuestos Especiales de La Jonquera, quedando el g\u00e9nero a disposici\u00f3n de dicha autoridad.<\/p>\n","protected":false},"excerpt":{"rendered":"<p>La Guardia Civil de la Jonquera decomis\u00f3 el pasado d\u00eda 2 a un ciudadano franc\u00e9s diversos objetos con m\u00e1s de 2.000 a\u00f1os de antig\u00fcedad catalogados como Patrimonio Hist\u00f3rico, seg\u00fan informa este jueves el instituto armado. Los hechos se produjeron cuando agentes de la Secci\u00f3n Fiscal de la Guardia Civil de La Jonquera realizaban un servicio [&hellip;]<\/p>\n","protected":false},"author":3,"featured_media":58878,"comment_status":"open","ping_status":"open","sticky":false,"template":"","format":"standard","meta":{"footnotes":""},"categories":[85],"tags":[],"class_list":["post-58877","post","type-post","status-publish","format-standard","has-post-thumbnail","hentry","category-espana"],"_links":{"self":[{"href":"https:\/\/2horizontes.com\/index.php?rest_route=\/wp\/v2\/posts\/58877","targetHints":{"allow":["GET"]}}],"collection":[{"href":"https:\/\/2horizontes.com\/index.php?rest_route=\/wp\/v2\/posts"}],"about":[{"href":"https:\/\/2horizontes.com\/index.php?rest_route=\/wp\/v2\/types\/post"}],"author":[{"embeddable":true,"href":"https:\/\/2horizontes.com\/index.php?rest_route=\/wp\/v2\/users\/3"}],"replies":[{"embeddable":true,"href":"https:\/\/2horizontes.com\/index.php?rest_route=%2Fwp%2Fv2%2Fcomments&post=58877"}],"version-history":[{"count":1,"href":"https:\/\/2horizontes.com\/index.php?rest_route=\/wp\/v2\/posts\/58877\/revisions"}],"predecessor-version":[{"id":58879,"href":"https:\/\/2horizontes.com\/index.php?rest_route=\/wp\/v2\/posts\/58877\/revisions\/58879"}],"wp:featuredmedia":[{"embeddable":true,"href":"https:\/\/2horizontes.com\/index.php?rest_route=\/wp\/v2\/media\/58878"}],"wp:attachment":[{"href":"https:\/\/2horizontes.com\/index.php?rest_route=%2Fwp%2Fv2%2Fmedia&parent=58877"}],"wp:term":[{"taxonomy":"category","embeddable":true,"href":"https:\/\/2horizontes.com\/index.php?rest_route=%2Fwp%2Fv2%2Fcategories&post=58877"},{"taxonomy":"post_tag","embeddable":true,"href":"https:\/\/2horizontes.com\/index.php?rest_route=%2Fwp%2Fv2%2Ftags&post=58877"}],"curies":[{"name":"wp","href":"https:\/\/api.w.org\/{rel}","templated":true}]}}