{"id":58811,"date":"2016-10-13T12:12:39","date_gmt":"2016-10-13T11:12:39","guid":{"rendered":"http:\/\/2horizontes.com\/?p=58811"},"modified":"2016-10-13T12:12:39","modified_gmt":"2016-10-13T11:12:39","slug":"imputan-al-cuco-y-a-sus-padres-por-falso-testimonio-en-el-juicio-de-marta-del-castillo","status":"publish","type":"post","link":"https:\/\/2horizontes.com\/?p=58811","title":{"rendered":"Imputan al Cuco y a sus padres por falso testimonio en el juicio de Marta del Castillo"},"content":{"rendered":"<p>El juzgado de instrucci\u00f3n n\u00famero 2 de Sevilla ha citado como investigado, antes imputado, al Cuco y a sus padres por presunto falso testimonio durante el juicio celebrado en 2012 por el asesinato de la joven de 17 a\u00f1os Marta del Castillo, ocurrido en 2009 y cuyos restos a\u00fan no han aparecido. Los padres de la v\u00edctima, Antonio del Castillo y Eva Casanueva a\u00fan no pierden la esperanza y por ello acudieron el pasado 14 de junio a denunciar a los tres imputados en cuesti\u00f3n.<\/p>\n<p>Fuentes judiciales informan de que la cita con la justicia est\u00e1 prevista para el 17 de enero de 2017 la cual se produce por la contradicci\u00f3n entre las declaraciones de los tres durante el juicio y las conversaciones grabadas por un supuesto infiltrado respecto a la presencia de Francisco Javier Garc\u00eda Mar\u00edn, el Cuco, en su domicilio.<\/p>\n<p>No hubo besito de buenas noches<\/p>\n<p>En el juicio, el Cuco, que era menor cuando se cometi\u00f3 el crimen, y sus padres, Rosal\u00eda Garc\u00eda y \u00c1ngel Romero, dijeron que el hijo estaba en la casa a las dos de la madrugada, momento en el que sus padres se acercaron a darle un \u201cbeso de buenas noches\u201d seg\u00fan aseguraron en sus declaraciones.<\/p>\n<p>En las conversaciones del supuesto infiltrado, sin embargo, varios testigos dicen que el Cuco estaba a las cinco de la madrugada del mismo d\u00eda en un bar, cuyo due\u00f1o ha sido citado por el juez como testigo en el proceso por presunto falso testimonio para el pr\u00f3ximo 16 de enero, mismo d\u00eda en el que est\u00e1 llamado a declarar el supuesto infiltrado que entreg\u00f3 en el juzgado 600 horas de conversaciones grabadas. .<\/p>\n<p>El Cuco fue sentenciado a dos a\u00f1os y once meses de reclusi\u00f3n en un centro de menores por un delito de encubrimiento tras ser absuelto de los delitos de violaci\u00f3n y asesinato, mientras que Miguel Carca\u00f1o fue condenado a 21 a\u00f1os de c\u00e1rcel por asesinato.<\/p>\n<p>Las fuentes han recordado que en la sentencia por el asesinato de Marta del Castillo, la Audiencia pidi\u00f3 que se dedujera testimonio al Cuco y sus padres por sus declaraciones en el juicio, y han a\u00f1adido que las grabaciones aportadas ahora han permitido contradecir sus afirmaciones ante el tribunal.<\/p>\n<p>Tras ratificar la denuncia, los padres de Marta criticaron que este testimonio no se aportara en el juicio a pesar de que la Polic\u00eda lo conoc\u00eda, aseguraron en declaraciones a los periodistas.<\/p>\n<p>Por otra parte, el pasado 12 de enero, el juez de lo penal 10 de Sevilla conden\u00f3 a los padres del Cuco y al supuesto confidente policial a una multa de 2.520 euros a cada uno de ellos por quebrantar la orden de alejamiento de la familia de la menor asesinada hace siete a\u00f1os.<\/p>\n<p>En deuda con el Estado<\/p>\n<p>Varios medios locales recogen que los padres de Marta del Castillo insisten en que se adelantaron a todo lo que ahora est\u00e1 sucediendo y recuerdan a los tribunales que la familia del Cucu ha entorpecido la investigaci\u00f3n policial desde el principio. Por ello, resaltan que los tres imputados deben al Estado 400.000 euros por orden judicial por la b\u00fasqueda.<\/p>\n","protected":false},"excerpt":{"rendered":"<p>El juzgado de instrucci\u00f3n n\u00famero 2 de Sevilla ha citado como investigado, antes imputado, al Cuco y a sus padres por presunto falso testimonio durante el juicio celebrado en 2012 por el asesinato de la joven de 17 a\u00f1os Marta del Castillo, ocurrido en 2009 y cuyos restos a\u00fan no han aparecido. Los padres de [&hellip;]<\/p>\n","protected":false},"author":3,"featured_media":58812,"comment_status":"open","ping_status":"open","sticky":false,"template":"","format":"standard","meta":{"footnotes":""},"categories":[85],"tags":[],"class_list":["post-58811","post","type-post","status-publish","format-standard","has-post-thumbnail","hentry","category-espana"],"_links":{"self":[{"href":"https:\/\/2horizontes.com\/index.php?rest_route=\/wp\/v2\/posts\/58811","targetHints":{"allow":["GET"]}}],"collection":[{"href":"https:\/\/2horizontes.com\/index.php?rest_route=\/wp\/v2\/posts"}],"about":[{"href":"https:\/\/2horizontes.com\/index.php?rest_route=\/wp\/v2\/types\/post"}],"author":[{"embeddable":true,"href":"https:\/\/2horizontes.com\/index.php?rest_route=\/wp\/v2\/users\/3"}],"replies":[{"embeddable":true,"href":"https:\/\/2horizontes.com\/index.php?rest_route=%2Fwp%2Fv2%2Fcomments&post=58811"}],"version-history":[{"count":1,"href":"https:\/\/2horizontes.com\/index.php?rest_route=\/wp\/v2\/posts\/58811\/revisions"}],"predecessor-version":[{"id":58813,"href":"https:\/\/2horizontes.com\/index.php?rest_route=\/wp\/v2\/posts\/58811\/revisions\/58813"}],"wp:featuredmedia":[{"embeddable":true,"href":"https:\/\/2horizontes.com\/index.php?rest_route=\/wp\/v2\/media\/58812"}],"wp:attachment":[{"href":"https:\/\/2horizontes.com\/index.php?rest_route=%2Fwp%2Fv2%2Fmedia&parent=58811"}],"wp:term":[{"taxonomy":"category","embeddable":true,"href":"https:\/\/2horizontes.com\/index.php?rest_route=%2Fwp%2Fv2%2Fcategories&post=58811"},{"taxonomy":"post_tag","embeddable":true,"href":"https:\/\/2horizontes.com\/index.php?rest_route=%2Fwp%2Fv2%2Ftags&post=58811"}],"curies":[{"name":"wp","href":"https:\/\/api.w.org\/{rel}","templated":true}]}}